{"id":2794,"date":"2020-01-13T07:10:40","date_gmt":"2020-01-13T06:10:40","guid":{"rendered":"https:\/\/www.brettl.at\/blog\/?p=2794"},"modified":"2024-09-02T17:38:54","modified_gmt":"2024-09-02T15:38:54","slug":"mutige-maenner-mit-weissen-fahnen","status":"publish","type":"post","link":"https:\/\/www.brettl.at\/blog\/mutige-maenner-mit-weissen-fahnen\/","title":{"rendered":"Mutige M\u00e4nner mit wei\u00dfen Fahnen"},"content":{"rendered":"<div class=\"fusion-fullwidth fullwidth-box fusion-builder-row-1 fusion-flex-container nonhundred-percent-fullwidth non-hundred-percent-height-scrolling\" style=\"--awb-border-radius-top-left:0px;--awb-border-radius-top-right:0px;--awb-border-radius-bottom-right:0px;--awb-border-radius-bottom-left:0px;--awb-flex-wrap:wrap;\" ><div class=\"fusion-builder-row fusion-row fusion-flex-align-items-flex-start fusion-flex-content-wrap\" style=\"max-width:1100.32px;margin-left: calc(-4% \/ 2 );margin-right: calc(-4% \/ 2 );\"><div class=\"fusion-layout-column fusion_builder_column fusion-builder-column-0 fusion_builder_column_1_1 1_1 fusion-flex-column\" style=\"--awb-bg-size:cover;--awb-width-large:100%;--awb-margin-top-large:0px;--awb-spacing-right-large:1.92%;--awb-margin-bottom-large:0px;--awb-spacing-left-large:1.92%;--awb-width-medium:100%;--awb-spacing-right-medium:1.92%;--awb-spacing-left-medium:1.92%;--awb-width-small:100%;--awb-spacing-right-small:1.92%;--awb-spacing-left-small:1.92%;\"><div class=\"fusion-column-wrapper fusion-flex-justify-content-flex-start fusion-content-layout-column\"><div class=\"fusion-text fusion-text-1\"><p>In den ersten Apriltagen 1945 \u00fcberrollte die Rote Armee die Grenzbefestigungen und r\u00fcckte rasch gegen Wien vor. Die burgenl\u00e4ndischen Gemeinden waren ihrem Schicksal selbst \u00fcberlassen. So manch eine Gemeinde wurde von den sowjetischen Truppen mit Artillerie beschossen. Auf diese Weise wollte man feststellen, ob man in dem Ort auf deutschen Widerstand sto\u00dfen w\u00fcrde. In einzelnen Gemeinden kamen den sowjetischen Truppen beherzte M\u00e4nner mit einer wei\u00dfen Fahne entgegen, um die Wehrlosigkeit der Bev\u00f6lkerung zu signalisieren und einen m\u00f6glichen Beschuss des Ortes zu verhindern. Diese Aktion war sehr mutig, denn nach Heinrich Himmlers Flaggenbefehl waren alle Bewohner, sofern sie bei der Ann\u00e4herung des Feindes eine wei\u00dfe Fahne hissen w\u00fcrden, zu erschie\u00dfen. Diese Gefahr bestand insbesondere, wenn sich die sowjetischen Truppen h\u00e4tten wieder zur\u00fcckziehen m\u00fcssen.<br \/>\n<a href=\"https:\/\/www.brettl.at\/wp-content\/uploads\/2020\/01\/1945Besetzung.jpg\"><img decoding=\"async\" class=\"alignleft size-medium wp-image-2795\" src=\"https:\/\/www.brettl.at\/wp-content\/uploads\/2020\/01\/1945Besetzung-300x160.jpg\" alt=\"1945\" width=\"300\" height=\"160\" srcset=\"https:\/\/www.brettl.at\/wp-content\/uploads\/2020\/01\/1945Besetzung-200x107.jpg 200w, https:\/\/www.brettl.at\/wp-content\/uploads\/2020\/01\/1945Besetzung-300x160.jpg 300w, https:\/\/www.brettl.at\/wp-content\/uploads\/2020\/01\/1945Besetzung-400x214.jpg 400w, https:\/\/www.brettl.at\/wp-content\/uploads\/2020\/01\/1945Besetzung-600x321.jpg 600w, https:\/\/www.brettl.at\/wp-content\/uploads\/2020\/01\/1945Besetzung.jpg 640w\" sizes=\"(max-width: 300px) 100vw, 300px\" \/><\/a>Auch in Leithaprodersdorf wagte ein beherzter Mann diesen Schritt: \u201eAm 2. April 1945 konnten um 8 Uhr fr\u00fch die ersten russischen Truppen \u00fcber die Strasse Eisenstadt &#8211; Stotzing &#8211; Loretto nach Leithaprodersdorf kommend gesichtet werden. Da beobachtet werden konnte, dass russische Gesch\u00fctze zwischen Loretto und Leithaprodersdorf in Stellung gingen, wahrscheinlich in der Annahme, dass sich noch deutsche Truppen in der Gemeinde befinden, zog ein beherzter alter Weltkriegsteilnehmer, der auch russisch konnte, auf einem Fahrrad mit einer wei\u00dfen Fahne den russischen Truppen auf der Strasse entgegen und teilte diesen mit, dass sich in der Gemeinde keine deutsche Truppen befinden. Hierauf ging der Einmarsch der russischen Truppen ohne besondere Komplikationen vor sich. Die \u00fcblichen Pl\u00fcnderungen konnten nat\u00fcrlich nicht verhindert werden.\u201c<br \/>\n(Aus: LA- A\/VIII\/11\/ &#8211; Ereignisse 1945-1956, Berichte der Gemeinden, Leithaprodersdorf)<\/p>\n<\/div><\/div><\/div><\/div><\/div>\n","protected":false},"excerpt":{"rendered":"<p>In den ersten Apriltagen 1945 \u00fcberrollte die Rote Armee die Grenzbefestigungen und r\u00fcckte rasch gegen Wien vor. Die burgenl\u00e4ndischen Gemeinden waren ihrem Schicksal selbst \u00fcberlassen. <\/p>\n","protected":false},"author":3,"featured_media":2795,"comment_status":"open","ping_status":"open","sticky":false,"template":"","format":"standard","meta":{"footnotes":""},"categories":[282,2],"tags":[221],"class_list":["post-2794","post","type-post","status-publish","format-standard","has-post-thumbnail","hentry","category-282","category-ii-weltkrieg","tag-leithaprodersdorf"],"_links":{"self":[{"href":"https:\/\/www.brettl.at\/blog\/wp-json\/wp\/v2\/posts\/2794","targetHints":{"allow":["GET"]}}],"collection":[{"href":"https:\/\/www.brettl.at\/blog\/wp-json\/wp\/v2\/posts"}],"about":[{"href":"https:\/\/www.brettl.at\/blog\/wp-json\/wp\/v2\/types\/post"}],"author":[{"embeddable":true,"href":"https:\/\/www.brettl.at\/blog\/wp-json\/wp\/v2\/users\/3"}],"replies":[{"embeddable":true,"href":"https:\/\/www.brettl.at\/blog\/wp-json\/wp\/v2\/comments?post=2794"}],"version-history":[{"count":3,"href":"https:\/\/www.brettl.at\/blog\/wp-json\/wp\/v2\/posts\/2794\/revisions"}],"predecessor-version":[{"id":4650,"href":"https:\/\/www.brettl.at\/blog\/wp-json\/wp\/v2\/posts\/2794\/revisions\/4650"}],"wp:featuredmedia":[{"embeddable":true,"href":"https:\/\/www.brettl.at\/blog\/wp-json\/wp\/v2\/media\/2795"}],"wp:attachment":[{"href":"https:\/\/www.brettl.at\/blog\/wp-json\/wp\/v2\/media?parent=2794"}],"wp:term":[{"taxonomy":"category","embeddable":true,"href":"https:\/\/www.brettl.at\/blog\/wp-json\/wp\/v2\/categories?post=2794"},{"taxonomy":"post_tag","embeddable":true,"href":"https:\/\/www.brettl.at\/blog\/wp-json\/wp\/v2\/tags?post=2794"}],"curies":[{"name":"wp","href":"https:\/\/api.w.org\/{rel}","templated":true}]}}