{"id":2852,"date":"2020-02-28T07:21:17","date_gmt":"2020-02-28T06:21:17","guid":{"rendered":"https:\/\/www.brettl.at\/blog\/?p=2852"},"modified":"2024-09-02T17:37:55","modified_gmt":"2024-09-02T15:37:55","slug":"bitte-um-deutschsprachigen-unterricht","status":"publish","type":"post","link":"https:\/\/www.brettl.at\/blog\/bitte-um-deutschsprachigen-unterricht\/","title":{"rendered":"Bitte um deutschsprachigen Unterricht"},"content":{"rendered":"<div class=\"fusion-fullwidth fullwidth-box fusion-builder-row-1 fusion-flex-container nonhundred-percent-fullwidth non-hundred-percent-height-scrolling\" style=\"--awb-border-radius-top-left:0px;--awb-border-radius-top-right:0px;--awb-border-radius-bottom-right:0px;--awb-border-radius-bottom-left:0px;--awb-flex-wrap:wrap;\" ><div class=\"fusion-builder-row fusion-row fusion-flex-align-items-flex-start fusion-flex-content-wrap\" style=\"max-width:1100.32px;margin-left: calc(-4% \/ 2 );margin-right: calc(-4% \/ 2 );\"><div class=\"fusion-layout-column fusion_builder_column fusion-builder-column-0 fusion_builder_column_1_1 1_1 fusion-flex-column\" style=\"--awb-bg-size:cover;--awb-width-large:100%;--awb-margin-top-large:0px;--awb-spacing-right-large:1.92%;--awb-margin-bottom-large:0px;--awb-spacing-left-large:1.92%;--awb-width-medium:100%;--awb-spacing-right-medium:1.92%;--awb-spacing-left-medium:1.92%;--awb-width-small:100%;--awb-spacing-right-small:1.92%;--awb-spacing-left-small:1.92%;\"><div class=\"fusion-column-wrapper fusion-flex-justify-content-flex-start fusion-content-layout-column\"><div class=\"fusion-text fusion-text-1\"><p>Die Vernachl\u00e4ssigung bzw. das Verbot der deutschen Sprache wurde vor 1921 in den mehrheitlich deutschsprachigen D\u00f6rfern Westungarns nicht nur als Repression, sondern auch als Arbeitshindernis angesehen. So machten sich auch die Eltern der Schulkinder in Tschurndorf Sorgen um die sprachlichen Qualit\u00e4ten ihrer Kinder in Hinblick auf sp\u00e4tere Arbeitsstellen und wandten sich an die Beh\u00f6rden.<br \/>\n<a href=\"https:\/\/www.brettl.at\/wp-content\/uploads\/2020\/02\/20200219_133347.jpg\"><img decoding=\"async\" class=\"alignleft size-medium wp-image-2853\" src=\"https:\/\/www.brettl.at\/wp-content\/uploads\/2020\/02\/20200219_133347-300x165.jpg\" alt=\"Schulsprache\" width=\"300\" height=\"165\" srcset=\"https:\/\/www.brettl.at\/wp-content\/uploads\/2020\/02\/20200219_133347-200x110.jpg 200w, https:\/\/www.brettl.at\/wp-content\/uploads\/2020\/02\/20200219_133347-300x165.jpg 300w, https:\/\/www.brettl.at\/wp-content\/uploads\/2020\/02\/20200219_133347-400x220.jpg 400w, https:\/\/www.brettl.at\/wp-content\/uploads\/2020\/02\/20200219_133347-600x330.jpg 600w, https:\/\/www.brettl.at\/wp-content\/uploads\/2020\/02\/20200219_133347.jpg 640w\" sizes=\"(max-width: 300px) 100vw, 300px\" \/><\/a>Gesuch der Bewohnerschaft der Gemeinde Tschurndorf an den \u00d6denburger Komitatsverwaltungsausschuss am 2. J\u00e4nner 1915:<br \/>\n\u201eVon den Eltern der Sch\u00fcler wird gew\u00fcnscht, der Komitatsverwaltungsausschuss m\u00f6ge verordnen, dass in der staatlichen Schule die deutsche Sprache so m\u00fcndlich, wie schriftlich unterrichtet werde. Die Gemeinde liegt an der \u00f6sterreichisch-ungarischen Grenze. Die Kinder gehen nach \u00d6sterreich ein Handwerk erlernen, verdienen dort ihr Brot, es kann behauptet werden, dass sie st\u00e4ndig dort aufhalten, so ist es notwendig die deutsche Sprache in Wort und schriftlich zu besitzen.<br \/>\n(\u00d6denburger Komitatsverwaltungsausschuss Zl. Ad 224\/1915. Sign. III. 224\/1915)<\/p>\n<\/div><\/div><\/div><\/div><\/div>\n","protected":false},"excerpt":{"rendered":"<p>Die Vernachl\u00e4ssigung bzw. das Verbot der deutschen Sprache wurde vor 1921 in den mehrheitlich deutschsprachigen D\u00f6rfern Westungarns nicht nur als Repression, sondern auch als Arbeitshindernis angesehen. <\/p>\n","protected":false},"author":3,"featured_media":2853,"comment_status":"open","ping_status":"open","sticky":false,"template":"","format":"standard","meta":{"footnotes":""},"categories":[282,38],"tags":[230],"class_list":["post-2852","post","type-post","status-publish","format-standard","has-post-thumbnail","hentry","category-282","category-westungarn","tag-tschurndorf"],"_links":{"self":[{"href":"https:\/\/www.brettl.at\/blog\/wp-json\/wp\/v2\/posts\/2852","targetHints":{"allow":["GET"]}}],"collection":[{"href":"https:\/\/www.brettl.at\/blog\/wp-json\/wp\/v2\/posts"}],"about":[{"href":"https:\/\/www.brettl.at\/blog\/wp-json\/wp\/v2\/types\/post"}],"author":[{"embeddable":true,"href":"https:\/\/www.brettl.at\/blog\/wp-json\/wp\/v2\/users\/3"}],"replies":[{"embeddable":true,"href":"https:\/\/www.brettl.at\/blog\/wp-json\/wp\/v2\/comments?post=2852"}],"version-history":[{"count":3,"href":"https:\/\/www.brettl.at\/blog\/wp-json\/wp\/v2\/posts\/2852\/revisions"}],"predecessor-version":[{"id":4642,"href":"https:\/\/www.brettl.at\/blog\/wp-json\/wp\/v2\/posts\/2852\/revisions\/4642"}],"wp:featuredmedia":[{"embeddable":true,"href":"https:\/\/www.brettl.at\/blog\/wp-json\/wp\/v2\/media\/2853"}],"wp:attachment":[{"href":"https:\/\/www.brettl.at\/blog\/wp-json\/wp\/v2\/media?parent=2852"}],"wp:term":[{"taxonomy":"category","embeddable":true,"href":"https:\/\/www.brettl.at\/blog\/wp-json\/wp\/v2\/categories?post=2852"},{"taxonomy":"post_tag","embeddable":true,"href":"https:\/\/www.brettl.at\/blog\/wp-json\/wp\/v2\/tags?post=2852"}],"curies":[{"name":"wp","href":"https:\/\/api.w.org\/{rel}","templated":true}]}}