{"id":2861,"date":"2020-03-07T07:28:01","date_gmt":"2020-03-07T06:28:01","guid":{"rendered":"https:\/\/www.brettl.at\/blog\/?p=2861"},"modified":"2024-09-02T17:37:43","modified_gmt":"2024-09-02T15:37:43","slug":"gaestezahlen-steigen-wieder","status":"publish","type":"post","link":"https:\/\/www.brettl.at\/blog\/gaestezahlen-steigen-wieder\/","title":{"rendered":"G\u00e4stezahlen steigen wieder"},"content":{"rendered":"<div class=\"fusion-fullwidth fullwidth-box fusion-builder-row-1 nonhundred-percent-fullwidth non-hundred-percent-height-scrolling\" style=\"--awb-border-radius-top-left:0px;--awb-border-radius-top-right:0px;--awb-border-radius-bottom-right:0px;--awb-border-radius-bottom-left:0px;--awb-flex-wrap:wrap;\" ><div class=\"fusion-builder-row fusion-row\"><div class=\"fusion-layout-column fusion_builder_column fusion-builder-column-0 fusion_builder_column_1_1 1_1 fusion-one-full fusion-column-first fusion-column-last\" style=\"--awb-bg-size:cover;--awb-margin-bottom:0px;\"><div class=\"fusion-column-wrapper fusion-flex-column-wrapper-legacy\"><div class=\"fusion-text fusion-text-1\"><p><span lang=\"DE-AT\" style=\"font-family: 'Verdana',sans-serif;\"><span style=\"color: #000000;\">Das \u201eungarische Franzensbad\u201c, wie Bad Tatzmannsdorf lange Zeit genannt wurde, erlebte vor dem 1. Weltkrieg einen vorl\u00e4ufigen H\u00f6hepunkt. Das \u201eheilende Moor\u201c lockte immer mehr Kurg\u00e4ste an und rund um den Kurplatz entstanden immer mehr Bauten. Durch den Zerfall der Monarchie und die wirtschaftlichen Krisen schlitterte der Kurbetrieb nach dem Krieg in eine Krise. Nur langsam konnte sich der Kurort wieder erholen, wie der Gendarmerieposten Obersch\u00fctzen, mit antisemitischen Anmerkungen, im Oktober 1928 berichtete:<br \/>\n<\/span><\/span><\/p>\n<div id=\"attachment_2862\" style=\"width: 310px\" class=\"wp-caption alignleft\"><a href=\"https:\/\/www.brettl.at\/wp-content\/uploads\/2020\/03\/Tatzmannsdorf.jpg\"><img decoding=\"async\" aria-describedby=\"caption-attachment-2862\" class=\"size-medium wp-image-2862\" src=\"https:\/\/www.brettl.at\/wp-content\/uploads\/2020\/03\/Tatzmannsdorf-300x213.jpg\" alt=\"Bad\" width=\"300\" height=\"213\" srcset=\"https:\/\/www.brettl.at\/wp-content\/uploads\/2020\/03\/Tatzmannsdorf-200x142.jpg 200w, https:\/\/www.brettl.at\/wp-content\/uploads\/2020\/03\/Tatzmannsdorf-300x214.jpg 300w, https:\/\/www.brettl.at\/wp-content\/uploads\/2020\/03\/Tatzmannsdorf-400x284.jpg 400w, https:\/\/www.brettl.at\/wp-content\/uploads\/2020\/03\/Tatzmannsdorf-600x426.jpg 600w, https:\/\/www.brettl.at\/wp-content\/uploads\/2020\/03\/Tatzmannsdorf.jpg 640w\" sizes=\"(max-width: 300px) 100vw, 300px\" \/><\/a><p id=\"caption-attachment-2862\" class=\"wp-caption-text\">Trachtenm\u00e4dchen bieten den Kurg\u00e4sten Wasser aus der Max-Quelle, vor 1938. \u00a9 Burgenl\u00e4ndisches Landesarchiv<\/p><\/div>\n<p><span lang=\"DE-AT\" style=\"font-family: 'Verdana',sans-serif;\"><span style=\"color: #000000;\">\u201eDie Badesaison 1928 brachte f\u00fcr Bad Tatzmannsdorf bei Ber\u00fccksichtigung der Hauptfeste in Wien einen verh\u00e4ltnism\u00e4\u00dfigen g\u00fcnstigen Abschlu\u00df. Die Zahl der G\u00e4ste \u00fcberstieg 2.600. Sch\u00e4digend f\u00fcr den Aufstieg des Bades wirkt sich der starke Perzentsatz [sic!] an polnischen Juden, sofern sie Besucher des Bades sind, neben M\u00e4ngel in der Verpflegung. Desgleichen werden die Preise f\u00fcr ein aufsteigendes Bad als zu hoch empfunden.<br \/>\n<\/span><\/span><span lang=\"DE-AT\" style=\"font-family: 'Verdana',sans-serif;\"><span style=\"color: #000000;\">Derzeit werden in Bad Tatzmannsdorf Arbeiten zum Bau von Dampfheizungen in Angriff genommen, um das Bad allm\u00e4hlich auch f\u00fcr die Winterkur vorzubereiten.<br \/>\n<\/span><\/span><span lang=\"DE-AT\" style=\"font-family: 'Verdana',sans-serif;\"><span style=\"color: #000000;\">Wie verlautbart, beabsichtigt die Badedirektion die Saison 1929 schon im April zu er\u00f6ffnen und erst im November zu beenden.\u201c<br \/>\n<\/span><\/span><span lang=\"DE-AT\" style=\"font-family: 'Verdana',sans-serif;\"><span style=\"color: #000000;\">(BLA. Polizei 1928. 1-100. o. Z.)<\/span><\/span><\/p>\n<\/div><div class=\"fusion-clearfix\"><\/div><\/div><\/div><\/div><\/div>\n","protected":false},"excerpt":{"rendered":"<p>Das \u201eungarische Franzensbad\u201c, wie Bad Tatzmannsdorf lange Zeit genannt wurde, erlebte vor dem 1. Weltkrieg einen vorl\u00e4ufigen H\u00f6hepunkt. <\/p>\n","protected":false},"author":3,"featured_media":2862,"comment_status":"open","ping_status":"open","sticky":false,"template":"","format":"standard","meta":{"footnotes":""},"categories":[282,67],"tags":[210],"class_list":["post-2861","post","type-post","status-publish","format-standard","has-post-thumbnail","hentry","category-282","category-fremdenverkehr","tag-bad-tatzmannsdorf"],"_links":{"self":[{"href":"https:\/\/www.brettl.at\/blog\/wp-json\/wp\/v2\/posts\/2861","targetHints":{"allow":["GET"]}}],"collection":[{"href":"https:\/\/www.brettl.at\/blog\/wp-json\/wp\/v2\/posts"}],"about":[{"href":"https:\/\/www.brettl.at\/blog\/wp-json\/wp\/v2\/types\/post"}],"author":[{"embeddable":true,"href":"https:\/\/www.brettl.at\/blog\/wp-json\/wp\/v2\/users\/3"}],"replies":[{"embeddable":true,"href":"https:\/\/www.brettl.at\/blog\/wp-json\/wp\/v2\/comments?post=2861"}],"version-history":[{"count":4,"href":"https:\/\/www.brettl.at\/blog\/wp-json\/wp\/v2\/posts\/2861\/revisions"}],"predecessor-version":[{"id":4640,"href":"https:\/\/www.brettl.at\/blog\/wp-json\/wp\/v2\/posts\/2861\/revisions\/4640"}],"wp:featuredmedia":[{"embeddable":true,"href":"https:\/\/www.brettl.at\/blog\/wp-json\/wp\/v2\/media\/2862"}],"wp:attachment":[{"href":"https:\/\/www.brettl.at\/blog\/wp-json\/wp\/v2\/media?parent=2861"}],"wp:term":[{"taxonomy":"category","embeddable":true,"href":"https:\/\/www.brettl.at\/blog\/wp-json\/wp\/v2\/categories?post=2861"},{"taxonomy":"post_tag","embeddable":true,"href":"https:\/\/www.brettl.at\/blog\/wp-json\/wp\/v2\/tags?post=2861"}],"curies":[{"name":"wp","href":"https:\/\/api.w.org\/{rel}","templated":true}]}}