{"id":2967,"date":"2020-05-23T07:31:02","date_gmt":"2020-05-23T05:31:02","guid":{"rendered":"https:\/\/www.brettl.at\/blog\/?p=2967"},"modified":"2024-09-02T17:41:01","modified_gmt":"2024-09-02T15:41:01","slug":"aale-im-neusiedler-see-ausgesetzt","status":"publish","type":"post","link":"https:\/\/www.brettl.at\/blog\/aale-im-neusiedler-see-ausgesetzt\/","title":{"rendered":"Aale im Neusiedler See ausgesetzt"},"content":{"rendered":"<div class=\"fusion-fullwidth fullwidth-box fusion-builder-row-1 fusion-flex-container nonhundred-percent-fullwidth non-hundred-percent-height-scrolling\" style=\"--awb-border-radius-top-left:0px;--awb-border-radius-top-right:0px;--awb-border-radius-bottom-right:0px;--awb-border-radius-bottom-left:0px;--awb-flex-wrap:wrap;\" ><div class=\"fusion-builder-row fusion-row fusion-flex-align-items-flex-start fusion-flex-content-wrap\" style=\"max-width:1100.32px;margin-left: calc(-4% \/ 2 );margin-right: calc(-4% \/ 2 );\"><div class=\"fusion-layout-column fusion_builder_column fusion-builder-column-0 fusion_builder_column_1_1 1_1 fusion-flex-column\" style=\"--awb-bg-size:cover;--awb-width-large:100%;--awb-margin-top-large:0px;--awb-spacing-right-large:1.92%;--awb-margin-bottom-large:0px;--awb-spacing-left-large:1.92%;--awb-width-medium:100%;--awb-spacing-right-medium:1.92%;--awb-spacing-left-medium:1.92%;--awb-width-small:100%;--awb-spacing-right-small:1.92%;--awb-spacing-left-small:1.92%;\"><div class=\"fusion-column-wrapper fusion-flex-justify-content-flex-start fusion-content-layout-column\"><div class=\"fusion-text fusion-text-1\"><p>Auf wissenschaftliche Empfehlung begann man Ende der 1950er Jahre mit einem verst\u00e4rkten Aalaussatz im Neusiedler See. F\u00fcr die Fischerei wurde der Aalfang bereits kurze Zeit sp\u00e4ter zu einer sehr wichtigen Einnahmequelle. Die Zeitungen, wie beispielsweise der \u201eCourier\u201c, berichteten euphorisch dar\u00fcber:<br \/>\n\u201e200.000 Aale f\u00fcr den Neusiedler See<br \/>\nHier werden rund 200.000 Glasaale, die mit dem Flugzeug aus Holland nach \u00d6sterreich kommen, um im \u201eMeer der Wiener\u201c im Neusiedler See im Burgenland eine neue Heimat zu finden.<br \/>\nDamit findet zum zweitenmal ein Grossbesatz von Aalen im Neusiedler See statt. Der erste Versuch im Mai 1958 war ein voller Erfolg. Besonders in diesem Fr\u00fchjahr sind die Fischer mit den Fangergebnissen sehr zufrieden, und das Aalessen ist in den verschiedenen Orten rund um den Neusiedler See bereits zu einer richtigen Attraktion geworden. Die Fische haben jetzt eine Gr\u00f6\u00dfe von etwa einem Meter.\u201c (BLA, XII\/6-429-61)<br \/>\n<a href=\"https:\/\/www.brettl.at\/wp-content\/uploads\/2020\/05\/Aale.jpg\"><img decoding=\"async\" class=\"alignleft size-medium wp-image-2968\" src=\"https:\/\/www.brettl.at\/wp-content\/uploads\/2020\/05\/Aale-300x172.jpg\" alt=\"\" width=\"300\" height=\"172\" srcset=\"https:\/\/www.brettl.at\/wp-content\/uploads\/2020\/05\/Aale-200x114.jpg 200w, https:\/\/www.brettl.at\/wp-content\/uploads\/2020\/05\/Aale-300x172.jpg 300w, https:\/\/www.brettl.at\/wp-content\/uploads\/2020\/05\/Aale-400x229.jpg 400w, https:\/\/www.brettl.at\/wp-content\/uploads\/2020\/05\/Aale-600x343.jpg 600w, https:\/\/www.brettl.at\/wp-content\/uploads\/2020\/05\/Aale.jpg 640w\" sizes=\"(max-width: 300px) 100vw, 300px\" \/><\/a>Zwei Jahre sp\u00e4ter hie\u00df es dazu:<br \/>\n\u201eAale aus dem Neusiedler See<br \/>\nSeit einiger Zeil erh\u00e4lt man in den heimischen Gastst\u00e4tten mariniert, ger\u00e4uchert oder gebraten zubereitete Aalgerichte. Die wenigsten werden missen, da\u00df diese Aale in \u00d6sterreich gez\u00fcchtet wurden. Vor zwei Jahren hat man im Neusiedler See etwa 200.000 sogenannte Glasaale ausgesetzt. Diese Tiere, die damals nicht gr\u00f6\u00dfer als Regenw\u00fcrmer waren, haben sich ganz pr\u00e4chtig entwickelt. Fachleute erkl\u00e4ren, da\u00df sich die Aale in unserem Neusiedler See besonders wohl f\u00fchlen, weil das Wasser relativ warm und reich an Salzen ist. Auch der Schlamm\u00adreichtum des Sees tr\u00e4gt dazu bei, da\u00df sich diese Fische recht wohl f\u00fchlen und im See bleiben, statt, wie man bef\u00fcrchtet hatte, \u00fcber den Einserkanal in flie\u00dfende Gew\u00e4sser aufzusteigen. [\u2026]\u201c (In: Burgenl\u00e4ndisches Leben, Januar 1961. S. 18)<br \/>\nDie Gr\u00fcndung des Nationalparks Neusiedlersee-Seewinkel f\u00fchrte zu einem Umdenken und man begann die Erhaltung der autochthonen Fauna und Flora zu f\u00f6rdern und fremde Arten zur\u00fcckzudr\u00e4ngen. 2003 wurde die Aalbewirtschaftung aufgegeben.<\/p>\n<\/div><\/div><\/div><\/div><\/div>\n","protected":false},"excerpt":{"rendered":"<p>Auf wissenschaftliche Empfehlung begann man Ende der 1950er Jahre mit einem verst\u00e4rkten Aalaussatz im Neusiedler See. F\u00fcr die Fischerei wurde der Aalfang bereits kurze Zeit sp\u00e4ter &#8230; <\/p>\n","protected":false},"author":3,"featured_media":2968,"comment_status":"open","ping_status":"open","sticky":false,"template":"","format":"standard","meta":{"footnotes":""},"categories":[282,17],"tags":[],"class_list":["post-2967","post","type-post","status-publish","format-standard","has-post-thumbnail","hentry","category-282","category-landwirtschaft"],"_links":{"self":[{"href":"https:\/\/www.brettl.at\/blog\/wp-json\/wp\/v2\/posts\/2967","targetHints":{"allow":["GET"]}}],"collection":[{"href":"https:\/\/www.brettl.at\/blog\/wp-json\/wp\/v2\/posts"}],"about":[{"href":"https:\/\/www.brettl.at\/blog\/wp-json\/wp\/v2\/types\/post"}],"author":[{"embeddable":true,"href":"https:\/\/www.brettl.at\/blog\/wp-json\/wp\/v2\/users\/3"}],"replies":[{"embeddable":true,"href":"https:\/\/www.brettl.at\/blog\/wp-json\/wp\/v2\/comments?post=2967"}],"version-history":[{"count":3,"href":"https:\/\/www.brettl.at\/blog\/wp-json\/wp\/v2\/posts\/2967\/revisions"}],"predecessor-version":[{"id":4653,"href":"https:\/\/www.brettl.at\/blog\/wp-json\/wp\/v2\/posts\/2967\/revisions\/4653"}],"wp:featuredmedia":[{"embeddable":true,"href":"https:\/\/www.brettl.at\/blog\/wp-json\/wp\/v2\/media\/2968"}],"wp:attachment":[{"href":"https:\/\/www.brettl.at\/blog\/wp-json\/wp\/v2\/media?parent=2967"}],"wp:term":[{"taxonomy":"category","embeddable":true,"href":"https:\/\/www.brettl.at\/blog\/wp-json\/wp\/v2\/categories?post=2967"},{"taxonomy":"post_tag","embeddable":true,"href":"https:\/\/www.brettl.at\/blog\/wp-json\/wp\/v2\/tags?post=2967"}],"curies":[{"name":"wp","href":"https:\/\/api.w.org\/{rel}","templated":true}]}}