{"id":2971,"date":"2020-05-27T07:42:14","date_gmt":"2020-05-27T05:42:14","guid":{"rendered":"https:\/\/www.brettl.at\/blog\/?p=2971"},"modified":"2024-09-02T17:40:57","modified_gmt":"2024-09-02T15:40:57","slug":"kritik-an-opferfuersorgezahlungen","status":"publish","type":"post","link":"https:\/\/www.brettl.at\/blog\/kritik-an-opferfuersorgezahlungen\/","title":{"rendered":"Kritik an Opferf\u00fcrsorgezahlungen"},"content":{"rendered":"<p>Nur etwa zehn Prozent der Burgenland-Roma \u00fcberlebten den Holocaust. Die wenigsten kehrten nach 1945 in ihre Heimatd\u00f6rfer zur\u00fcck. Der Leidensweg der Roma ging auch nach 1945 weiter. Die Anerkennung als Opfer der rassistischen NS-Verfolgung blieb den Roma lange Zeit versagt, da sie w\u00e4hrend der NS-Zeit als \u201eKriminelle\u201c und \u201eAsoziale\u201c in die Konzentrationslager eingewiesen wurden. Erst 1961 erhielten sie die ersten kleineren Entsch\u00e4digungen nach dem Opferf\u00fcrsorgegesetz. Diese Zahlungen wurden von manchen (wohl der Mehrheit der Bev\u00f6lkerung) als falsch angesehen.<br \/>\n<a href=\"https:\/\/www.brettl.at\/wp-content\/uploads\/2020\/05\/DSC_3596-1-75.jpg\"><img decoding=\"async\" class=\"alignleft size-medium wp-image-2972\" src=\"https:\/\/www.brettl.at\/wp-content\/uploads\/2020\/05\/DSC_3596-1-75-300x257.jpg\" alt=\"\" width=\"300\" height=\"257\" srcset=\"https:\/\/www.brettl.at\/wp-content\/uploads\/2020\/05\/DSC_3596-1-75-200x172.jpg 200w, https:\/\/www.brettl.at\/wp-content\/uploads\/2020\/05\/DSC_3596-1-75-300x257.jpg 300w, https:\/\/www.brettl.at\/wp-content\/uploads\/2020\/05\/DSC_3596-1-75-400x343.jpg 400w, https:\/\/www.brettl.at\/wp-content\/uploads\/2020\/05\/DSC_3596-1-75-600x515.jpg 600w, https:\/\/www.brettl.at\/wp-content\/uploads\/2020\/05\/DSC_3596-1-75-768x659.jpg 768w, https:\/\/www.brettl.at\/wp-content\/uploads\/2020\/05\/DSC_3596-1-75-800x686.jpg 800w, https:\/\/www.brettl.at\/wp-content\/uploads\/2020\/05\/DSC_3596-1-75.jpg 816w\" sizes=\"(max-width: 300px) 100vw, 300px\" \/><\/a>Gendarmeriekommando Neustift bei G\u00fcssing am 21. September 1962 an die Bezirkshauptmannschaft G\u00fcssing bez\u00fcglich Stimmung der Bev\u00f6lkerung:<br \/>\n\u201eDie Stimmung der Bev\u00f6lkerung ist seit dem letzten Berichte unver\u00e4ndert, also gleich gut geblieben, wenngleich an unserer Volksvertretung wegen eines Vorganges heftig Kritik ge\u00fcbt wird. Man kritisiert n\u00e4mlich die Beg\u00fcnstigung einer bestimmten Personengruppe, die an sich st\u00e4ndig der F\u00fcrsorge zur Last f\u00e4llt und daf\u00fcr die nunmehr erhaltene Opferf\u00fcrsorgerente zum Hohn derer, die daf\u00fcr aufkommen, aus dem Fenster wirft. Einverstanden zeigt man sich dort, wo aus Patriotismus zur 1. Republik f\u00fcr erlittene Unbill ges\u00fchnt geh\u00f6rt, nicht aber, wenn Zweifel an der Anspruchsberechtigung zu diesen und jenen Gr\u00fcnden zu bestehen scheinen. In Verbindung damit und im Zusammenhange mit der bereits leise beginnenden Wahlpropaganda sagt man auch schmeichelhaft, den W\u00e4hlern verspricht man was und denen schenkt man das. [\u2026]\u201c<br \/>\nDer Postenkommandant<br \/>\n(BLA. BH G\u00fcssing. Karton 23. 27. Situations- und Lageberichte 1960-1977. o.Z.)<\/p>\n","protected":false},"excerpt":{"rendered":"<p>Nur etwa zehn Prozent der Burgenland-Roma \u00fcberlebten den Holocaust. Die wenigsten kehrten nach 1945 in ihre Heimatd\u00f6rfer zur\u00fcck. Der Leidensweg der Roma ging auch nach 1945 weiter. <\/p>\n","protected":false},"author":3,"featured_media":2972,"comment_status":"open","ping_status":"open","sticky":false,"template":"","format":"standard","meta":{"footnotes":""},"categories":[282,49],"tags":[229],"class_list":["post-2971","post","type-post","status-publish","format-standard","has-post-thumbnail","hentry","category-282","category-roma","tag-neustift-guessing"],"_links":{"self":[{"href":"https:\/\/www.brettl.at\/blog\/wp-json\/wp\/v2\/posts\/2971","targetHints":{"allow":["GET"]}}],"collection":[{"href":"https:\/\/www.brettl.at\/blog\/wp-json\/wp\/v2\/posts"}],"about":[{"href":"https:\/\/www.brettl.at\/blog\/wp-json\/wp\/v2\/types\/post"}],"author":[{"embeddable":true,"href":"https:\/\/www.brettl.at\/blog\/wp-json\/wp\/v2\/users\/3"}],"replies":[{"embeddable":true,"href":"https:\/\/www.brettl.at\/blog\/wp-json\/wp\/v2\/comments?post=2971"}],"version-history":[{"count":1,"href":"https:\/\/www.brettl.at\/blog\/wp-json\/wp\/v2\/posts\/2971\/revisions"}],"predecessor-version":[{"id":2973,"href":"https:\/\/www.brettl.at\/blog\/wp-json\/wp\/v2\/posts\/2971\/revisions\/2973"}],"wp:featuredmedia":[{"embeddable":true,"href":"https:\/\/www.brettl.at\/blog\/wp-json\/wp\/v2\/media\/2972"}],"wp:attachment":[{"href":"https:\/\/www.brettl.at\/blog\/wp-json\/wp\/v2\/media?parent=2971"}],"wp:term":[{"taxonomy":"category","embeddable":true,"href":"https:\/\/www.brettl.at\/blog\/wp-json\/wp\/v2\/categories?post=2971"},{"taxonomy":"post_tag","embeddable":true,"href":"https:\/\/www.brettl.at\/blog\/wp-json\/wp\/v2\/tags?post=2971"}],"curies":[{"name":"wp","href":"https:\/\/api.w.org\/{rel}","templated":true}]}}