{"id":3006,"date":"2020-06-19T07:27:16","date_gmt":"2020-06-19T05:27:16","guid":{"rendered":"https:\/\/www.brettl.at\/blog\/?p=3006"},"modified":"2024-09-02T17:45:24","modified_gmt":"2024-09-02T15:45:24","slug":"luftkampf-ueber-pamhagen","status":"publish","type":"post","link":"https:\/\/www.brettl.at\/blog\/luftkampf-ueber-pamhagen\/","title":{"rendered":"Luftkampf \u00fcber Pamhagen"},"content":{"rendered":"<div class=\"fusion-fullwidth fullwidth-box fusion-builder-row-1 fusion-flex-container nonhundred-percent-fullwidth non-hundred-percent-height-scrolling\" style=\"--awb-border-radius-top-left:0px;--awb-border-radius-top-right:0px;--awb-border-radius-bottom-right:0px;--awb-border-radius-bottom-left:0px;--awb-flex-wrap:wrap;\" ><div class=\"fusion-builder-row fusion-row fusion-flex-align-items-flex-start fusion-flex-content-wrap\" style=\"max-width:1100.32px;margin-left: calc(-4% \/ 2 );margin-right: calc(-4% \/ 2 );\"><div class=\"fusion-layout-column fusion_builder_column fusion-builder-column-0 fusion_builder_column_1_1 1_1 fusion-flex-column\" style=\"--awb-bg-size:cover;--awb-width-large:100%;--awb-margin-top-large:0px;--awb-spacing-right-large:1.92%;--awb-margin-bottom-large:0px;--awb-spacing-left-large:1.92%;--awb-width-medium:100%;--awb-spacing-right-medium:1.92%;--awb-spacing-left-medium:1.92%;--awb-width-small:100%;--awb-spacing-right-small:1.92%;--awb-spacing-left-small:1.92%;\"><div class=\"fusion-column-wrapper fusion-flex-justify-content-flex-start fusion-content-layout-column\"><div class=\"fusion-text fusion-text-1\"><p>Nur wenige Monate nachdem \u00d6sterreich wieder seine volle Souver\u00e4nit\u00e4t erhalten und die immerw\u00e4hrende Neutralit\u00e4t verk\u00fcndet hatte, ereignete sich \u00fcber \u00f6sterreichischem Boden bei Pamhagen ein tragischer Zwischenfall. W\u00e4hrend die \u00f6sterreichischen Beh\u00f6rden und Medien von einem vereitelten Fluchtversuch eines ungarischen Piloten ausgingen, konnte nach dem Fall des kommunistischen Regimes gekl\u00e4rt werden (Bericht von Attila Bonhardt, st\u00e4ndige ungarische Archivdelegation beim \u00d6sterreichischen Kriegsarchiv, vom 6.11.2002), dass die Ursache des Zwischenfalls die mangelhafte Zusammenwirkung der ungarischen und der sowjetischen Luftf\u00fchrung war.<br \/>\n<a href=\"https:\/\/www.brettl.at\/wp-content\/uploads\/2020\/06\/MIG.jpg\"><img decoding=\"async\" class=\"alignleft size-medium wp-image-3007\" src=\"https:\/\/www.brettl.at\/wp-content\/uploads\/2020\/06\/MIG-300x133.jpg\" alt=\"MIG\" width=\"300\" height=\"133\" srcset=\"https:\/\/www.brettl.at\/wp-content\/uploads\/2020\/06\/MIG-200x88.jpg 200w, https:\/\/www.brettl.at\/wp-content\/uploads\/2020\/06\/MIG-300x133.jpg 300w, https:\/\/www.brettl.at\/wp-content\/uploads\/2020\/06\/MIG-400x177.jpg 400w, https:\/\/www.brettl.at\/wp-content\/uploads\/2020\/06\/MIG-600x265.jpg 600w, https:\/\/www.brettl.at\/wp-content\/uploads\/2020\/06\/MIG.jpg 640w\" sizes=\"(max-width: 300px) 100vw, 300px\" \/><\/a>In den \u00f6sterreichischen Medien 1956 stellte man den Vorfall folgenderma\u00dfen dar: \u201eDie D\u00fcsenj\u00e4ger vom russischen Typ MIG 15 verletzten am 21. J\u00e4nner die \u00f6sterreichische Souver\u00e4nit\u00e4t und Neutralit\u00e4t. Zwei der Maschinen stie\u00dfen \u00fcber \u00f6sterreichischem Territorium bei der Ortschaft Pamhagen im burgenl\u00e4ndischen Seewinkel in etwa 5000 m H\u00f6he zusammen. Der sowjetische Flugkapit\u00e4n Nikolai Konklow, der die MIG mit sowjetischen Hoheitszeichen flog, rammte ein D\u00fcsenflugzeug mit ungarischen Hoheitszeichen. Er selbst konnte noch rechtzeitig mit dem Fallschirm abspringen, w\u00e4hrend der andere Pilot beim Absturz ums Leben kam. Die dritte Maschine kehrte nach Ungarn zur\u00fcck. Wohin die vierte geflogen ist, konnte bisher noch nicht gekl\u00e4rt werden.<br \/>\nAugenzeugenberichte der Einwohner von Pamhagen schildern den Vorfall so, da\u00df zwei D\u00fcsenj\u00e4ger, die offensichtlich \u00fcber die Grenze nach dem Westen fliehen versuchten, von zwei anderen Maschinen verfolgt worden seien. Die Verfolger h\u00e4tten \u00fcber den Neusiedlersee mit Bordwaffen das Feuer auf die Fliehenden er\u00f6ffnet. Dann h\u00e4tte der sowjetische Hauptmann Nikolai Konoklow mit seiner Maschine eine der beiden verfolgten MIG 15 gerammt.<br \/>\nKonoklow gab bei seiner Einvernahme durch die \u00f6sterreichischen Beh\u00f6rden an, er sei mit einem Kameraden vom ungarischen Flugplatz Gy\u00f6r (Raab) gestartet um zwei Flugzeugen \u201eunbekannter Nationalit\u00e4t\u201c zu folgen und sie zur Umkehr zu veranlassen. Er bestritt jedoch, die verfolgte Maschine beschossen oder absichtlich gerammt zu haben. Der \u00f6sterreichische Ministerrat hat jednfalls das Au\u00dfenamt sofort beantragt, in Budapest gegen die Verletzung unseres Luftraumes energisch zu protestieren.\u201c<br \/>\n(Presse vom 22. J\u00e4nner 1956)<\/p>\n<\/div><\/div><\/div><\/div><\/div>\n","protected":false},"excerpt":{"rendered":"<p>Nur wenige Monate nachdem \u00d6sterreich wieder seine volle Souver\u00e4nit\u00e4t erhalten und die immerw\u00e4hrende Neutralit\u00e4t verk\u00fcndet hatte, ereignete sich ein tragischer Zwischenfall. <\/p>\n","protected":false},"author":3,"featured_media":3007,"comment_status":"open","ping_status":"open","sticky":false,"template":"","format":"standard","meta":{"footnotes":""},"categories":[282,95],"tags":[68],"class_list":["post-3006","post","type-post","status-publish","format-standard","has-post-thumbnail","hentry","category-282","category-nach-1955-politik","tag-pamhagen"],"_links":{"self":[{"href":"https:\/\/www.brettl.at\/blog\/wp-json\/wp\/v2\/posts\/3006","targetHints":{"allow":["GET"]}}],"collection":[{"href":"https:\/\/www.brettl.at\/blog\/wp-json\/wp\/v2\/posts"}],"about":[{"href":"https:\/\/www.brettl.at\/blog\/wp-json\/wp\/v2\/types\/post"}],"author":[{"embeddable":true,"href":"https:\/\/www.brettl.at\/blog\/wp-json\/wp\/v2\/users\/3"}],"replies":[{"embeddable":true,"href":"https:\/\/www.brettl.at\/blog\/wp-json\/wp\/v2\/comments?post=3006"}],"version-history":[{"count":3,"href":"https:\/\/www.brettl.at\/blog\/wp-json\/wp\/v2\/posts\/3006\/revisions"}],"predecessor-version":[{"id":4677,"href":"https:\/\/www.brettl.at\/blog\/wp-json\/wp\/v2\/posts\/3006\/revisions\/4677"}],"wp:featuredmedia":[{"embeddable":true,"href":"https:\/\/www.brettl.at\/blog\/wp-json\/wp\/v2\/media\/3007"}],"wp:attachment":[{"href":"https:\/\/www.brettl.at\/blog\/wp-json\/wp\/v2\/media?parent=3006"}],"wp:term":[{"taxonomy":"category","embeddable":true,"href":"https:\/\/www.brettl.at\/blog\/wp-json\/wp\/v2\/categories?post=3006"},{"taxonomy":"post_tag","embeddable":true,"href":"https:\/\/www.brettl.at\/blog\/wp-json\/wp\/v2\/tags?post=3006"}],"curies":[{"name":"wp","href":"https:\/\/api.w.org\/{rel}","templated":true}]}}