{"id":3037,"date":"2020-07-15T13:48:33","date_gmt":"2020-07-15T11:48:33","guid":{"rendered":"https:\/\/www.brettl.at\/blog\/?p=3037"},"modified":"2024-09-02T17:44:55","modified_gmt":"2024-09-02T15:44:55","slug":"keine-getraenke-fuer-jugendliche-roma","status":"publish","type":"post","link":"https:\/\/www.brettl.at\/blog\/keine-getraenke-fuer-jugendliche-roma\/","title":{"rendered":"Keine Getr\u00e4nke f\u00fcr jugendliche Roma"},"content":{"rendered":"<div class=\"fusion-fullwidth fullwidth-box fusion-builder-row-1 nonhundred-percent-fullwidth non-hundred-percent-height-scrolling\" style=\"--awb-border-radius-top-left:0px;--awb-border-radius-top-right:0px;--awb-border-radius-bottom-right:0px;--awb-border-radius-bottom-left:0px;--awb-flex-wrap:wrap;\" ><div class=\"fusion-builder-row fusion-row\"><div class=\"fusion-layout-column fusion_builder_column fusion-builder-column-0 fusion_builder_column_1_1 1_1 fusion-one-full fusion-column-first fusion-column-last\" style=\"--awb-bg-size:cover;--awb-margin-bottom:0px;\"><div class=\"fusion-column-wrapper fusion-flex-column-wrapper-legacy\"><div class=\"fusion-text fusion-text-1\"><p>Auch nach der NS-Herrschaft blieb die gesellschaftliche Ausgrenzung f\u00fcr die Roma im Burgenland bestehen. Sie wurden mit Stigmatisierungen, Vorurteilen und Diffamierungen konfrontiert und die Gettoisierung wurde fortgesetzt. W\u00e4hrend die Generation, die den NS-Terror \u00fcberlebt hatte, diese soziale Ausgrenzung meist stillschweigend \u00fcber sich hergehen lie\u00df oder aus dem Burgenland abwanderte, um in der Anonymit\u00e4t der Gro\u00dfstadt unterzutauchen, so war die Nachkriegsgeneration nicht mehr bereit, diese Situation zu dulden. Eine Gruppe von selbstbewussten jugendlichen Roma wandte sich 1987 an Bundespr\u00e4sident Kurt Waldheim und bat ihm um Hilfe gegen die allt\u00e4glichen Diskriminierungen.<br \/>\n<a href=\"https:\/\/www.brettl.at\/wp-content\/uploads\/2020\/07\/184-Kopie.jpg\"><img decoding=\"async\" class=\"alignleft size-medium wp-image-3038\" src=\"https:\/\/www.brettl.at\/wp-content\/uploads\/2020\/07\/184-Kopie-300x122.jpg\" alt=\"\" width=\"300\" height=\"122\" srcset=\"https:\/\/www.brettl.at\/wp-content\/uploads\/2020\/07\/184-Kopie-200x82.jpg 200w, https:\/\/www.brettl.at\/wp-content\/uploads\/2020\/07\/184-Kopie-300x122.jpg 300w, https:\/\/www.brettl.at\/wp-content\/uploads\/2020\/07\/184-Kopie-400x163.jpg 400w, https:\/\/www.brettl.at\/wp-content\/uploads\/2020\/07\/184-Kopie-600x245.jpg 600w, https:\/\/www.brettl.at\/wp-content\/uploads\/2020\/07\/184-Kopie.jpg 640w\" sizes=\"(max-width: 300px) 100vw, 300px\" \/><\/a>\u201eOberwart 17.2.1987<br \/>\nSehr geehrter Herr Bundespr\u00e4sident!<br \/>\nBetreff: Wegen Rassenversto\u00dfung!<br \/>\nIch Horvath Herbert, Sprecher aller Jugendlichen Zigeuner in Oberwart und Umgebung m\u00f6chte Ihnen folgendes mitteilen.<br \/>\nDa die Beh\u00f6rden unsere Rechte nicht verteidigen und respektiere, wenden wir uns deshalb herzlichst an Sie.<br \/>\nIn den meisten Discotheken und Lokalen haben die Zigeuner nichts zu trinken bekommen. Denn die Lokalbesitzer werfen die Zigeuner alle in einen Topf. Wir sehen aber auch ein, da\u00df es auf beiden Seiten gute und schlechte Menschen gibt. Da die Beh\u00f6rden nichts dagegen unternehmen, wenn wir sie um Hilfe und unser Recht zu vertreten bitten, weisen sie uns einfach ab. Sie sagen, da\u00df wir diese Lokale nicht besuchen sollen.<br \/>\nWir sehen nicht ein, da\u00df wenn wir unsere Steuern bezahlen, da\u00df uns einfach unser Recht genommen wird. Weil wir Zigeuner sind, will uns niemand verteidigen. Wenn jemand einem Zigeuner sein recht verteidigt, wird er einfach von der Gesellschaft ignoriert.\u00a0Wir m\u00f6chten noch hinzuf\u00fcgen, wenn dagegen nichts unternommen wird, da\u00df wir an keiner Wahl teilnehmen werden. Auch wenn es eine Pflichtwahl geben sollte. Denn wir f\u00fchlen uns von der Gesellschaft ausgesto\u00dfen.\u00a0Ich pers\u00f6nlich m\u00f6chte mich gegen\u00fcber unserer Polizei bei Ihnen beschweren. Ein Bekannter und ich waren in der Discothek \u201eEldorado\u201c in Oberwart. Wir bekamen in der Discothek nichts zu trinken. Ich fragte nach dem Grund. Daraufhin lie\u00dfen wir uns das nicht grundlos gefallen. Ich rief gleich darauf die Gendarmerie in Oberwart an, und bat h\u00f6flichst um Rat und was ich dagegen unternehmen k\u00f6nnte. Der diensthabende Polizist hat mit mir am Telefon derartig zu schreien begonnen. Er sagte, wir sollten das Lokal sofort verlassen und keinen Menschen in der Discothek bel\u00e4stigen. Von Bel\u00e4stigung war aber keine Rede. Wir verlie\u00dfen daraufhin das Lokal.<br \/>\nAm 16.2.1987 ging ich auf die Gemeinde in Oberwart. Dort sprach ich mit dem Gemeindebeamten \u00fcber das Geschehen des Abends des 15.2.1987. Er sagte, ich sollte mit dem Lokalbesitzer reden, damit wir dort wieder zu trinken bekommen. Aber es hilft uns auch nicht weiter, wenn wir in einem Lokal zu trinken bekommen. Doch in den anderen Lokalen bekommen wir trotzdem nichts. Eben wegen den Vorurteilen der Zigeuner.<br \/>\nDeshalb wenden wir uns h\u00f6flichst an Sie, da\u00df Sie unsere Rechte vertreten.<br \/>\nDie Meinungen, die wir haben, will niemand anh\u00f6ren.<br \/>\nDarum m\u00f6chten auch wir die gleichen Rechte, wie jeder Staatsb\u00fcrger in \u00d6sterreich haben.<br \/>\nHochachtungsvoll\u201c \u2013 (es folgen 19 Unterschriften)<br \/>\n(Ausstellung Roma Kinderwelten, Oberwart 2010)<\/p>\n<\/div><div class=\"fusion-clearfix\"><\/div><\/div><\/div><\/div><\/div>\n","protected":false},"excerpt":{"rendered":"<p>Auch nach der NS-Herrschaft blieb die gesellschaftliche Ausgrenzung, Stigmatisierung, Vorurteile und Diffamierung gegen\u00fcber den Roma im Burgenland bestehen.  <\/p>\n","protected":false},"author":3,"featured_media":3038,"comment_status":"open","ping_status":"open","sticky":false,"template":"","format":"standard","meta":{"footnotes":""},"categories":[282,95,49],"tags":[59],"class_list":["post-3037","post","type-post","status-publish","format-standard","has-post-thumbnail","hentry","category-282","category-nach-1955-politik","category-roma","tag-oberwart"],"_links":{"self":[{"href":"https:\/\/www.brettl.at\/blog\/wp-json\/wp\/v2\/posts\/3037","targetHints":{"allow":["GET"]}}],"collection":[{"href":"https:\/\/www.brettl.at\/blog\/wp-json\/wp\/v2\/posts"}],"about":[{"href":"https:\/\/www.brettl.at\/blog\/wp-json\/wp\/v2\/types\/post"}],"author":[{"embeddable":true,"href":"https:\/\/www.brettl.at\/blog\/wp-json\/wp\/v2\/users\/3"}],"replies":[{"embeddable":true,"href":"https:\/\/www.brettl.at\/blog\/wp-json\/wp\/v2\/comments?post=3037"}],"version-history":[{"count":4,"href":"https:\/\/www.brettl.at\/blog\/wp-json\/wp\/v2\/posts\/3037\/revisions"}],"predecessor-version":[{"id":4674,"href":"https:\/\/www.brettl.at\/blog\/wp-json\/wp\/v2\/posts\/3037\/revisions\/4674"}],"wp:featuredmedia":[{"embeddable":true,"href":"https:\/\/www.brettl.at\/blog\/wp-json\/wp\/v2\/media\/3038"}],"wp:attachment":[{"href":"https:\/\/www.brettl.at\/blog\/wp-json\/wp\/v2\/media?parent=3037"}],"wp:term":[{"taxonomy":"category","embeddable":true,"href":"https:\/\/www.brettl.at\/blog\/wp-json\/wp\/v2\/categories?post=3037"},{"taxonomy":"post_tag","embeddable":true,"href":"https:\/\/www.brettl.at\/blog\/wp-json\/wp\/v2\/tags?post=3037"}],"curies":[{"name":"wp","href":"https:\/\/api.w.org\/{rel}","templated":true}]}}