{"id":322,"date":"2015-05-18T18:38:00","date_gmt":"2015-05-18T16:38:00","guid":{"rendered":"http:\/\/www.brettl.at\/blog\/?p=322"},"modified":"2024-09-02T16:23:14","modified_gmt":"2024-09-02T14:23:14","slug":"abschied-vom-heideboden","status":"publish","type":"post","link":"https:\/\/www.brettl.at\/blog\/abschied-vom-heideboden\/","title":{"rendered":"Abschied vom Heideboden"},"content":{"rendered":"<div class=\"fusion-fullwidth fullwidth-box fusion-builder-row-1 nonhundred-percent-fullwidth non-hundred-percent-height-scrolling\" style=\"--awb-background-position:left top;--awb-border-radius-top-left:0px;--awb-border-radius-top-right:0px;--awb-border-radius-bottom-right:0px;--awb-border-radius-bottom-left:0px;--awb-padding-top:20px;--awb-padding-right:0px;--awb-padding-bottom:20px;--awb-padding-left:0px;--awb-border-sizes-top:0px;--awb-border-sizes-bottom:0px;--awb-flex-wrap:wrap;\" ><div class=\"fusion-builder-row fusion-row\"><div class=\"fusion-layout-column fusion_builder_column fusion-builder-column-0 fusion_builder_column_1_1 1_1 fusion-one-full fusion-column-first fusion-column-last fusion-column-no-min-height\" style=\"--awb-bg-size:cover;--awb-margin-bottom:0px;\"><div class=\"fusion-column-wrapper fusion-flex-column-wrapper-legacy\"><div class=\"fusion-text fusion-text-1\"><p>Durch die Beschl\u00fcsse Potsdamer Konferenz 1945 konnten die die deutschen Bewohner aus Ungarn ausgesiedelt werden. Tausende deutschsprachige Bewohner des Komitates Wieselburg\/Mosonmagyar\u00f3v\u00e1r flohen bereits 1945\/46 nach \u00d6sterreich und Deutschland. Die verbliebenen rund 10.000 Einwohner wurden in 11 Transportz\u00fcgen im April und Mai 1946 nach Deutschland ausgeliefert.<\/p>\n<div id=\"attachment_320\" style=\"width: 310px\" class=\"wp-caption alignleft\"><a href=\"http:\/\/www.brettl.at\/wp-content\/uploads\/2015\/05\/Vertrieben-Kopie-Kopie.jpeg\"><img decoding=\"async\" aria-describedby=\"caption-attachment-320\" class=\"size-medium wp-image-320\" src=\"http:\/\/www.brettl.at\/wp-content\/uploads\/2015\/05\/Vertrieben-Kopie-Kopie-300x196.jpeg\" alt=\"vertrieben\" width=\"300\" height=\"196\" srcset=\"https:\/\/www.brettl.at\/wp-content\/uploads\/2015\/05\/Vertrieben-Kopie-Kopie-300x196.jpeg 300w, https:\/\/www.brettl.at\/wp-content\/uploads\/2015\/05\/Vertrieben-Kopie-Kopie.jpeg 794w\" sizes=\"(max-width: 300px) 100vw, 300px\" \/><\/a><p id=\"caption-attachment-320\" class=\"wp-caption-text\">Ein Transport aus St. Peter vor der Abfahrt auf dem Bahnhof von St. Johann. (Quelle: 1946-1986. 40 Jahre Vertreibung)<\/p><\/div>\n<p>Ein Betroffener aus St. Johann erinnert sich an die Ereignisse der Karwoche 1946: \u201eDen Karfreitag zu begehen fiel uns nicht schwer, wir f\u00fchlten die Last des Kreuzes, aber die Auferstehungsfeier am Karsamstag umso mehr. Eine kleine Schar begleitete den Auferstandenen den gewohnten, aber verk\u00fcrzten Weg durch die Hauptgasse. Die sonst \u00fcbliche Blasmusik mit ihren Aufzugsm\u00e4rschen blieb stumm, es gab sie nicht mehr, aber man sang noch einmal die alten deutschen Osterlieder. Als die Prozession am R\u00fcckweg zur Kirche das Rathaus erreichte, stimmten die beiden alten in Ehren ergrauten Vors\u00e4nger das Te Deum an. Zum letzten Mal hallte es in den Stra\u00dfen von St. Johann \u201aGro\u00dfer Gott wir loben dich\u2018. Mancher \u201atelepes\u2018, der sich den Umzug ansah, nahm da seinen Hut ab, der Polizeihauptmann, der das Ganze vom Fenster des Rathauses beobachtete, sch\u00fcttelte den Kopf, als wollte er sagen, am Bahnhof warten schon die Waggons und ihr lobt noch Gott. Nach der Feier gingen junge Burschen zum Bahnhof um zu sehen, was mit dem St. Peterer \u201e5. Transport&#8221; geschehen sei. Als sie bei den Bahnschranken ankamen, setzte sich der Zug gerade in Bewegung. Aus einem Waggon erklang ein Fl\u00fcgelhorn: \u201aBeh\u00fct dich Gott, es w\u00e4r so sch\u00f6n gewesen, beh\u00fct dich Gott [\u2026].\u2018 Dann verschlang die Melodie das Geratter der R\u00e4der. (Aus: Reinhold Drescher: Geschichte des Heidebodens. 1988. S. 124)<\/p>\n<\/div><div class=\"fusion-clearfix\"><\/div><\/div><\/div><\/div><\/div>\n","protected":false},"excerpt":{"rendered":"<p>Durch die Beschl\u00fcsse Potsdamer Konferenz 1945 konnten die die deutschen Bewohner aus Ungarn ausgesiedelt werden. Tausende deutschsprachige Bewohner des Komitates Wieselburg\/Mosonmagyar\u00f3v\u00e1r flohen bereits 1945\/46 nach \u00d6sterreich und Deutschland. Die verbliebenen rund 10.000 Einwohner wurden in 11 Transportz\u00fcgen im April und Mai 1946 nach Deutschland ausgeliefert. <\/p>\n","protected":false},"author":3,"featured_media":320,"comment_status":"open","ping_status":"open","sticky":false,"template":"","format":"standard","meta":{"footnotes":""},"categories":[276,69,38],"tags":[],"class_list":["post-322","post","type-post","status-publish","format-standard","has-post-thumbnail","hentry","category-276","category-besatzungszeit","category-westungarn"],"_links":{"self":[{"href":"https:\/\/www.brettl.at\/blog\/wp-json\/wp\/v2\/posts\/322","targetHints":{"allow":["GET"]}}],"collection":[{"href":"https:\/\/www.brettl.at\/blog\/wp-json\/wp\/v2\/posts"}],"about":[{"href":"https:\/\/www.brettl.at\/blog\/wp-json\/wp\/v2\/types\/post"}],"author":[{"embeddable":true,"href":"https:\/\/www.brettl.at\/blog\/wp-json\/wp\/v2\/users\/3"}],"replies":[{"embeddable":true,"href":"https:\/\/www.brettl.at\/blog\/wp-json\/wp\/v2\/comments?post=322"}],"version-history":[{"count":4,"href":"https:\/\/www.brettl.at\/blog\/wp-json\/wp\/v2\/posts\/322\/revisions"}],"predecessor-version":[{"id":4327,"href":"https:\/\/www.brettl.at\/blog\/wp-json\/wp\/v2\/posts\/322\/revisions\/4327"}],"wp:featuredmedia":[{"embeddable":true,"href":"https:\/\/www.brettl.at\/blog\/wp-json\/wp\/v2\/media\/320"}],"wp:attachment":[{"href":"https:\/\/www.brettl.at\/blog\/wp-json\/wp\/v2\/media?parent=322"}],"wp:term":[{"taxonomy":"category","embeddable":true,"href":"https:\/\/www.brettl.at\/blog\/wp-json\/wp\/v2\/categories?post=322"},{"taxonomy":"post_tag","embeddable":true,"href":"https:\/\/www.brettl.at\/blog\/wp-json\/wp\/v2\/tags?post=322"}],"curies":[{"name":"wp","href":"https:\/\/api.w.org\/{rel}","templated":true}]}}