{"id":3228,"date":"2021-01-10T09:43:55","date_gmt":"2021-01-10T08:43:55","guid":{"rendered":"https:\/\/www.brettl.at\/blog\/?p=3228"},"modified":"2024-09-02T17:51:23","modified_gmt":"2024-09-02T15:51:23","slug":"bahnverbindungen-gefordert","status":"publish","type":"post","link":"https:\/\/www.brettl.at\/blog\/bahnverbindungen-gefordert\/","title":{"rendered":"Bahnverbindungen gefordert"},"content":{"rendered":"<div class=\"fusion-fullwidth fullwidth-box fusion-builder-row-1 nonhundred-percent-fullwidth non-hundred-percent-height-scrolling\" style=\"--awb-border-radius-top-left:0px;--awb-border-radius-top-right:0px;--awb-border-radius-bottom-right:0px;--awb-border-radius-bottom-left:0px;--awb-flex-wrap:wrap;\" ><div class=\"fusion-builder-row fusion-row\"><div class=\"fusion-layout-column fusion_builder_column fusion-builder-column-0 fusion_builder_column_1_1 1_1 fusion-one-full fusion-column-first fusion-column-last\" style=\"--awb-bg-size:cover;--awb-margin-bottom:0px;\"><div class=\"fusion-column-wrapper fusion-flex-column-wrapper-legacy\"><div class=\"fusion-text fusion-text-1\"><p>Da die Verkehrswege zwischen \u00d6sterreich und Ungarn\u00a0vor 1921 beinahe durchwegs von Ost nach West ausgerichtet waren, fehlte nach dem Anschluss des Burgenlandes an \u00d6sterreich eine Nord-S\u00fcdverbindung im neuen Bundesland. Mit der Angliederung musste nun die Infrastruktur, insbesondere das bestehende Eisenbahnnetz, neu organisiert werden, weil die Bahnlinien vielfach nicht an das \u00f6sterreichische Netz angeschlossen waren. So fehlte eine Verbindung vom S\u00fcdburgenland zum steirischen Bahnnetz vollkommen. Von den geplanten Projekten wurde 1925 jedoch nur die Strecke Pinkafeld\u2013Friedberg, und damit eine Eisenbahnverbin\u00addung nach Wien, fertiggestellt. Auch in den folgenden Jahren gab es immer wieder Forderungen nach einem besseren Bahnnetz im S\u00fcd- und Mittelburgenland.<br \/>\n<a href=\"https:\/\/www.brettl.at\/wp-content\/uploads\/2021\/01\/Schienen.jpg\"><img decoding=\"async\" class=\"alignleft size-medium wp-image-3229\" src=\"https:\/\/www.brettl.at\/wp-content\/uploads\/2021\/01\/Schienen-300x146.jpg\" alt=\"\" width=\"300\" height=\"146\" srcset=\"https:\/\/www.brettl.at\/wp-content\/uploads\/2021\/01\/Schienen-200x97.jpg 200w, https:\/\/www.brettl.at\/wp-content\/uploads\/2021\/01\/Schienen-300x146.jpg 300w, https:\/\/www.brettl.at\/wp-content\/uploads\/2021\/01\/Schienen-400x194.jpg 400w, https:\/\/www.brettl.at\/wp-content\/uploads\/2021\/01\/Schienen-600x292.jpg 600w, https:\/\/www.brettl.at\/wp-content\/uploads\/2021\/01\/Schienen.jpg 640w\" sizes=\"(max-width: 300px) 100vw, 300px\" \/><\/a>Am 12. J\u00e4nner 1926 berichtete das Polizeikommissariat in Eisenstadt der Polizeiabteilung in der Burgenl\u00e4ndischen Landesregierung \u00fcber die fehlende Infrastruktur und machte auch auf die politische Komponente aufmerksam:<br \/>\n\u201e[\u2026] Im Oberpullendorfer- und G\u00fcssinger Bezirke wird der Mangel einer direkten Bahnverbindung mit Wien bzw. Inner\u00f6sterreich stark und nachteilig empfunden. Die Viehm\u00e4rkte sind gut beschickt, doch finden sich mit R\u00fccksicht auf die elenden Bahnverbindungen, die Verfrachtung \u00fcber Ungarn und damit verbundenen hohen Spesen keine K\u00e4ufer.<br \/>\nIm Interesse der Viehzucht und der Landwirtschaft beider Bezirke einerseits, der Versorgung der gro\u00dfen Bev\u00f6lkerungszentren Wien, Wr. Neustadt und Graz aus diesen beiden, an Vieh, landwirtschaftlichen Produkten, namentlich aber an Obst reichen Bezirken andererseits, macht die endliche Inangriffnahme entsprechender Bahnverbindungen bzw. schon Bahnprojekte mehr wie w\u00fcnschenswert. Die Bahnverbindungen w\u00e4ren auch politisch und v\u00f6lkisch von nicht zu untersch\u00e4tzender Bedeutung, da die Bewohner dieser Bezirke, vom Hinterland abgeschnitten bzw. ohne jede Verbindung gelassen, zum Besuche der leichter zu erreichenden ung. St\u00e4dte \u00d6denburg, G\u00fcns. Steinamanger und K\u00f6rmend f\u00f6rmlich gedr\u00e4ngt werden.<br \/>\nDie Intelligenz des Landes ist au\u00dfer Stande die deutschen Kulturzentren Wien, Wr. Neustadt und Graz und deren Theater und Konzerte, zu erreichen.\u201c<br \/>\n(BLA. Polizei 1926. 1-100. Zl. 46\/26)<\/p>\n<\/div><div class=\"fusion-clearfix\"><\/div><\/div><\/div><\/div><\/div>\n","protected":false},"excerpt":{"rendered":"<p>Da die Verkehrswege zwischen \u00d6sterreich und Ungarn beinahe durchwegs von Ost nach West ausgerichtet waren, fehlte nach dem Anschluss des Burgenlandes &#8230; <\/p>\n","protected":false},"author":3,"featured_media":3229,"comment_status":"open","ping_status":"open","sticky":false,"template":"","format":"standard","meta":{"footnotes":""},"categories":[283,17,61],"tags":[81,142],"class_list":["post-3228","post","type-post","status-publish","format-standard","has-post-thumbnail","hentry","category-283","category-landwirtschaft","category-wirtschaft","tag-guessing","tag-oberpullendorf"],"_links":{"self":[{"href":"https:\/\/www.brettl.at\/blog\/wp-json\/wp\/v2\/posts\/3228","targetHints":{"allow":["GET"]}}],"collection":[{"href":"https:\/\/www.brettl.at\/blog\/wp-json\/wp\/v2\/posts"}],"about":[{"href":"https:\/\/www.brettl.at\/blog\/wp-json\/wp\/v2\/types\/post"}],"author":[{"embeddable":true,"href":"https:\/\/www.brettl.at\/blog\/wp-json\/wp\/v2\/users\/3"}],"replies":[{"embeddable":true,"href":"https:\/\/www.brettl.at\/blog\/wp-json\/wp\/v2\/comments?post=3228"}],"version-history":[{"count":4,"href":"https:\/\/www.brettl.at\/blog\/wp-json\/wp\/v2\/posts\/3228\/revisions"}],"predecessor-version":[{"id":4715,"href":"https:\/\/www.brettl.at\/blog\/wp-json\/wp\/v2\/posts\/3228\/revisions\/4715"}],"wp:featuredmedia":[{"embeddable":true,"href":"https:\/\/www.brettl.at\/blog\/wp-json\/wp\/v2\/media\/3229"}],"wp:attachment":[{"href":"https:\/\/www.brettl.at\/blog\/wp-json\/wp\/v2\/media?parent=3228"}],"wp:term":[{"taxonomy":"category","embeddable":true,"href":"https:\/\/www.brettl.at\/blog\/wp-json\/wp\/v2\/categories?post=3228"},{"taxonomy":"post_tag","embeddable":true,"href":"https:\/\/www.brettl.at\/blog\/wp-json\/wp\/v2\/tags?post=3228"}],"curies":[{"name":"wp","href":"https:\/\/api.w.org\/{rel}","templated":true}]}}