{"id":3258,"date":"2021-02-09T07:37:49","date_gmt":"2021-02-09T06:37:49","guid":{"rendered":"https:\/\/www.brettl.at\/blog\/?p=3258"},"modified":"2024-09-02T17:50:55","modified_gmt":"2024-09-02T15:50:55","slug":"dass-ich-burgenlaender-bin","status":"publish","type":"post","link":"https:\/\/www.brettl.at\/blog\/dass-ich-burgenlaender-bin\/","title":{"rendered":"\u201eDass ich Burgenl\u00e4nder bin\u201c"},"content":{"rendered":"<div class=\"fusion-fullwidth fullwidth-box fusion-builder-row-1 fusion-flex-container nonhundred-percent-fullwidth non-hundred-percent-height-scrolling\" style=\"--awb-border-radius-top-left:0px;--awb-border-radius-top-right:0px;--awb-border-radius-bottom-right:0px;--awb-border-radius-bottom-left:0px;--awb-flex-wrap:wrap;\" ><div class=\"fusion-builder-row fusion-row fusion-flex-align-items-flex-start fusion-flex-content-wrap\" style=\"max-width:1100.32px;margin-left: calc(-4% \/ 2 );margin-right: calc(-4% \/ 2 );\"><div class=\"fusion-layout-column fusion_builder_column fusion-builder-column-0 fusion_builder_column_1_1 1_1 fusion-flex-column\" style=\"--awb-bg-size:cover;--awb-width-large:100%;--awb-margin-top-large:0px;--awb-spacing-right-large:1.92%;--awb-margin-bottom-large:0px;--awb-spacing-left-large:1.92%;--awb-width-medium:100%;--awb-spacing-right-medium:1.92%;--awb-spacing-left-medium:1.92%;--awb-width-small:100%;--awb-spacing-right-small:1.92%;--awb-spacing-left-small:1.92%;\"><div class=\"fusion-column-wrapper fusion-flex-justify-content-flex-start fusion-content-layout-column\"><div class=\"fusion-text fusion-text-1\"><p>Gregor Meidlinger wurde 1874 in Frauenkirchen geboren. Er begab sich nach Wien, wo er neben seiner T\u00e4tigkeit als Tischler und Buchbinder im Selbststudium die Matura nachholte. Bereits als junger Geselle war er politisch t\u00e4tig und engagierte sich f\u00fcr seine Heimat Deutsch-Westungarn. Zudem war er Mitbegr\u00fcnder des \u201eVereines zur Erhaltung des Deutschtums in Ungarn\u201c. Als nach dem Ersten Weltkrieg die Frage der Staatszugeh\u00f6rigkeit Deutsch-Westungarns aktuell wurde, forderte er in Wien aktiv den Anschluss des Gebietes an \u00d6sterreich. Es wird ihm nachgesagt, dass er bei einer Besprechung im September 1919 durch einen Zwischenruf den Namen \u201eBurgenland\u201c popul\u00e4r machte, den Staatskanzler Dr. Karl Renner folglich als offiziellen Namen des neuen Gebietes aufgriff. Der Name \u201eVierburgenland\u201c, von den Endungen der vier westungarischen Komitate Pressburg, \u00d6denburg, Wieselburg und Eisenburg hergeleitet, wurde bereits im November 1918 von Adalbert Wolf in Neusiedl am See verwendet.<br \/>\n<a href=\"https:\/\/www.brettl.at\/wp-content\/uploads\/2021\/02\/Gregor-Meidlinger.jpg\"><img decoding=\"async\" class=\"alignleft size-medium wp-image-3259\" src=\"https:\/\/www.brettl.at\/wp-content\/uploads\/2021\/02\/Gregor-Meidlinger-291x300.jpg\" alt=\"\" width=\"291\" height=\"300\" srcset=\"https:\/\/www.brettl.at\/wp-content\/uploads\/2021\/02\/Gregor-Meidlinger-200x206.jpg 200w, https:\/\/www.brettl.at\/wp-content\/uploads\/2021\/02\/Gregor-Meidlinger-291x300.jpg 291w, https:\/\/www.brettl.at\/wp-content\/uploads\/2021\/02\/Gregor-Meidlinger-400x412.jpg 400w, https:\/\/www.brettl.at\/wp-content\/uploads\/2021\/02\/Gregor-Meidlinger-600x618.jpg 600w, https:\/\/www.brettl.at\/wp-content\/uploads\/2021\/02\/Gregor-Meidlinger-768x790.jpg 768w, https:\/\/www.brettl.at\/wp-content\/uploads\/2021\/02\/Gregor-Meidlinger-800x823.jpg 800w, https:\/\/www.brettl.at\/wp-content\/uploads\/2021\/02\/Gregor-Meidlinger-995x1024.jpg 995w, https:\/\/www.brettl.at\/wp-content\/uploads\/2021\/02\/Gregor-Meidlinger-1200x1235.jpg 1200w, https:\/\/www.brettl.at\/wp-content\/uploads\/2021\/02\/Gregor-Meidlinger-1492x1536.jpg 1492w\" sizes=\"(max-width: 291px) 100vw, 291px\" \/><\/a>Auch Gregor Meidlinger ben\u00fctzte den Namen Burgenland bereits im Sommer 1919, wie in seinem \u201eLandeslied f\u00fcr das Burgenland\u201c erkennbar ist:<br \/>\n\u201e1.<br \/>\nVon der Leitha bis zum Wasen<br \/>\nVon der Donau bis zur Raab<br \/>\nHaust ein Volk wie deutsche Asen<br \/>\nHaust der Franke, haust der Schwab.<br \/>\nDiesem Volk bin ich entsprossen, Ihm allein geh\u00f6rt mein Sinn<br \/>\nZeigen will ich\u2018s unverdrossen,<br \/>\nDass ich Burgenl\u00e4nder bin.<br \/>\n2.<br \/>\nDieses Land hat Gott gegeben<br \/>\nDeutschen Fleisse zum betreun,<br \/>\nGerne will ich drum mein leben<br \/>\nHeimatland Dir ewig weih\u2019n.<br \/>\nM\u00f6gen Heinzen oder Heider<br \/>\nHausen an der Sprache Rand<br \/>\nStand ja doch die Wiege beider<br \/>\nEinst im deutschen Frankenland.<br \/>\n3.<br \/>\nKarl der Grosse hat gef\u00fchret<br \/>\nUnsrer Ahnen mut\u2019ger Schar<br \/>\nIn das Land, das uns geb\u00fchret,<br \/>\nWeil es deutscher Fleiss gebar.<br \/>\nNichts kann f\u00fcr der uns mehr trennen<br \/>\nBr\u00fcder sollen alle sein,<br \/>\nDeutschtum wollen stolz bekennen,<br \/>\nWir vom Wasen bis zum Rhein.<br \/>\n4.<br \/>\nAuf, Ihr Burgner, lasset uns schw\u00f6ren<br \/>\nMit dem Herzen und Verstand,<br \/>\nDass wie niemand angeh\u00f6ren,<br \/>\nAls dem deutschen Vaterland.<br \/>\nReicht nun froh in allen Gauen<br \/>\nBurgener Euch die Bruderhand<br \/>\nUnd dann ruft mit Gottvertrauen:<br \/>\nHeil und Segen Burgenland!<br \/>\n(Nachlass Dr. Josef Tschida, 1920-1978, aus Illmitz \u2013 Dank f\u00fcr die \u00dcberlassung an Dr. Ingrid Novotny)<\/p>\n<\/div><\/div><\/div><\/div><\/div>\n","protected":false},"excerpt":{"rendered":"<p>Gregor Meidlinger wurde 1874 in Frauenkirchen geboren. Er begab sich nach Wien, wo er neben seiner T\u00e4tigkeit als Tischler und Buchbinder im Selbststudium die Matura nachholte. <\/p>\n","protected":false},"author":3,"featured_media":3259,"comment_status":"open","ping_status":"open","sticky":false,"template":"","format":"standard","meta":{"footnotes":""},"categories":[283,38],"tags":[25,122],"class_list":["post-3258","post","type-post","status-publish","format-standard","has-post-thumbnail","hentry","category-283","category-westungarn","tag-frauenkirchen","tag-neusiedl-am-see"],"_links":{"self":[{"href":"https:\/\/www.brettl.at\/blog\/wp-json\/wp\/v2\/posts\/3258","targetHints":{"allow":["GET"]}}],"collection":[{"href":"https:\/\/www.brettl.at\/blog\/wp-json\/wp\/v2\/posts"}],"about":[{"href":"https:\/\/www.brettl.at\/blog\/wp-json\/wp\/v2\/types\/post"}],"author":[{"embeddable":true,"href":"https:\/\/www.brettl.at\/blog\/wp-json\/wp\/v2\/users\/3"}],"replies":[{"embeddable":true,"href":"https:\/\/www.brettl.at\/blog\/wp-json\/wp\/v2\/comments?post=3258"}],"version-history":[{"count":3,"href":"https:\/\/www.brettl.at\/blog\/wp-json\/wp\/v2\/posts\/3258\/revisions"}],"predecessor-version":[{"id":4709,"href":"https:\/\/www.brettl.at\/blog\/wp-json\/wp\/v2\/posts\/3258\/revisions\/4709"}],"wp:featuredmedia":[{"embeddable":true,"href":"https:\/\/www.brettl.at\/blog\/wp-json\/wp\/v2\/media\/3259"}],"wp:attachment":[{"href":"https:\/\/www.brettl.at\/blog\/wp-json\/wp\/v2\/media?parent=3258"}],"wp:term":[{"taxonomy":"category","embeddable":true,"href":"https:\/\/www.brettl.at\/blog\/wp-json\/wp\/v2\/categories?post=3258"},{"taxonomy":"post_tag","embeddable":true,"href":"https:\/\/www.brettl.at\/blog\/wp-json\/wp\/v2\/tags?post=3258"}],"curies":[{"name":"wp","href":"https:\/\/api.w.org\/{rel}","templated":true}]}}