{"id":3324,"date":"2021-04-16T07:01:24","date_gmt":"2021-04-16T05:01:24","guid":{"rendered":"https:\/\/www.brettl.at\/blog\/?p=3324"},"modified":"2024-09-02T17:54:25","modified_gmt":"2024-09-02T15:54:25","slug":"modernisierung-und-bewahrung-vereinbar","status":"publish","type":"post","link":"https:\/\/www.brettl.at\/blog\/modernisierung-und-bewahrung-vereinbar\/","title":{"rendered":"Modernisierung und Bewahrung vereinbar?"},"content":{"rendered":"<div class=\"fusion-fullwidth fullwidth-box fusion-builder-row-1 nonhundred-percent-fullwidth non-hundred-percent-height-scrolling\" style=\"--awb-border-radius-top-left:0px;--awb-border-radius-top-right:0px;--awb-border-radius-bottom-right:0px;--awb-border-radius-bottom-left:0px;--awb-flex-wrap:wrap;\" ><div class=\"fusion-builder-row fusion-row\"><div class=\"fusion-layout-column fusion_builder_column fusion-builder-column-0 fusion_builder_column_1_1 1_1 fusion-one-full fusion-column-first fusion-column-last\" style=\"--awb-bg-size:cover;--awb-margin-bottom:0px;\"><div class=\"fusion-column-wrapper fusion-flex-column-wrapper-legacy\"><div class=\"fusion-text fusion-text-1\"><p>Ende der 1950er Jahre entdeckten immer mehr G\u00e4ste aus Deutschland den Seewinkel und waren von seiner Landschaft, den \u201everschlafenen D\u00f6rfern\u201c und den Menschen begeistert. Der aufkommende Fremdenverkehr brachte eine wirtschaftliche Entwicklung in die Region und sehr bald wurde diese auch optisch sichtbar. Der Bauboom, der das Ortsbild massiv ver\u00e4nderte, wurde von einigen G\u00e4sten mit Schrecken wahrgenommen und skeptisch beurteilt. So schreibt beispielsweise eine Urlauberfamilie aus L\u00fcbeck an das Bundesdenkmalamt in Wien am 18. August 1959.<br \/>\n<a href=\"https:\/\/www.brettl.at\/wp-content\/uploads\/2021\/04\/Podersdorf1586.png\"><img decoding=\"async\" class=\"alignleft size-medium wp-image-3326\" src=\"https:\/\/www.brettl.at\/wp-content\/uploads\/2021\/04\/Podersdorf1586-300x196.png\" alt=\"\" width=\"300\" height=\"196\" srcset=\"https:\/\/www.brettl.at\/wp-content\/uploads\/2021\/04\/Podersdorf1586-200x131.png 200w, https:\/\/www.brettl.at\/wp-content\/uploads\/2021\/04\/Podersdorf1586-300x196.png 300w, https:\/\/www.brettl.at\/wp-content\/uploads\/2021\/04\/Podersdorf1586-400x261.png 400w, https:\/\/www.brettl.at\/wp-content\/uploads\/2021\/04\/Podersdorf1586-600x392.png 600w, https:\/\/www.brettl.at\/wp-content\/uploads\/2021\/04\/Podersdorf1586.png 639w\" sizes=\"(max-width: 300px) 100vw, 300px\" \/><\/a>\u201e[\u2026] Sp\u00e4ter fuhren wir ins Burgenland, besonders Rust hat uns mit seinen barocken b\u00e4uerlichen H\u00e4usern ausnehmend gut gefallen. [\u2026] Ich pers\u00f6nlich finde, die Neubauten in Rust am See h\u00e4tten sicher mit den gleichen Mitteln sch\u00f6ner und stilvoller gemacht werden k\u00f6nnen, aber leider ist es wohl ein Zeichen der Zeit. [\u2026]\nSchmerzlich empfinde ich, wenn Altes nicht liebevoll bewahrt wird. Ein trauriges Zeichen f\u00fcr Modernisierung erlebten wir in Podersdorf, wo wir urspr\u00fcnglich weiter 10 Tage bleiben wollten, aber nach der ersten Nacht fast fluchtartig nach Rust zur\u00fcckkehrten. Dem Ort hat die Baufreudigkeit und wohl die aufbl\u00fchende Fremdenwerbung eine Maske aufgesetzt, durch die nur noch sehr sp\u00e4rlich das alte sch\u00f6ne Dorf schimmert. Wir erwarteten durchaus keine Luxushotels und w\u00e4ren mit jedem stilvollen sauberen Bauernhaus ohne flie\u00dfendem Wasser zufrieden gewesen, aber was uns in Podersdorf an unpers\u00f6nlichen Unterk\u00fcnften geboten wurde, war unvorstellbar. Die halbfertigen unsch\u00f6nen H\u00e4user, die simplen Gastst\u00e4tten, die Buddelecken und Pl\u00e4tze, die noch viel Unsch\u00f6nes ahnen lassen, verderben mehr als sie mal n\u00fctzen. [\u2026]\nSollte es nicht m\u00f6glich sein, Orte wie Podersdorf zu Ferienorten zu machen du trotzdem ihre Eigenart besser wahren, das machen bestimmt keine kost\u00fcmierten, musizierenden Zigeuner. [\u2026] Wir haben Bilder von Podersdorf gesehen, die vor 3 Jahren gemacht wurden und Schilderungen von fr\u00fcher geh\u00f6rt, wie hat sich in der kurzen Zeit der Ort ver\u00e4ndert! Eine Woche sp\u00e4ter sind wir wieder durch Podersdorf gekommen, dort sahen wir, wie in der Zwischenzeit wieder ein strohgedecktes Haus verschwunden war. Wir haben in einigen H\u00f6fen des Burgenlandes den Besitzern unsere Freude \u00fcber ihre sch\u00f6nen H\u00e4user zum Ausdruck gebracht, die meisten gaben zu, nicht begeistert von ihrem Besitz zu sein und sehnten sich nach Modernisierung. [\u2026]\nIch bin nicht daf\u00fcr, dass man leider durch den sinnlosen Krieg irgendwo Zerst\u00f6rtes wieder genau im alten Stil aufbaut, aber das gerettete sollte man liebevollretten, denn wir haben leider manchmal gesehen, die Fremdenverkehrsindustrie ver\u00e4nderte oft Orte so zur Unkenntlichkeit wie Krieg. [\u2026]\u201c<br \/>\n(BLA. 1960. XII\/6-291-60)<\/p>\n<\/div><div class=\"fusion-clearfix\"><\/div><\/div><\/div><\/div><\/div>\n","protected":false},"excerpt":{"rendered":"<p>Ende der 1950er Jahre entdeckten immer mehr G\u00e4ste aus Deutschland den Seewinkel und waren von seiner Landschaft und den \u201everschlafenen D\u00f6rfern\u201c begeistert. <\/p>\n","protected":false},"author":3,"featured_media":3326,"comment_status":"open","ping_status":"open","sticky":false,"template":"","format":"standard","meta":{"footnotes":""},"categories":[283,67],"tags":[44,109],"class_list":["post-3324","post","type-post","status-publish","format-standard","has-post-thumbnail","hentry","category-283","category-fremdenverkehr","tag-podersdorf","tag-rust"],"_links":{"self":[{"href":"https:\/\/www.brettl.at\/blog\/wp-json\/wp\/v2\/posts\/3324","targetHints":{"allow":["GET"]}}],"collection":[{"href":"https:\/\/www.brettl.at\/blog\/wp-json\/wp\/v2\/posts"}],"about":[{"href":"https:\/\/www.brettl.at\/blog\/wp-json\/wp\/v2\/types\/post"}],"author":[{"embeddable":true,"href":"https:\/\/www.brettl.at\/blog\/wp-json\/wp\/v2\/users\/3"}],"replies":[{"embeddable":true,"href":"https:\/\/www.brettl.at\/blog\/wp-json\/wp\/v2\/comments?post=3324"}],"version-history":[{"count":3,"href":"https:\/\/www.brettl.at\/blog\/wp-json\/wp\/v2\/posts\/3324\/revisions"}],"predecessor-version":[{"id":3329,"href":"https:\/\/www.brettl.at\/blog\/wp-json\/wp\/v2\/posts\/3324\/revisions\/3329"}],"wp:featuredmedia":[{"embeddable":true,"href":"https:\/\/www.brettl.at\/blog\/wp-json\/wp\/v2\/media\/3326"}],"wp:attachment":[{"href":"https:\/\/www.brettl.at\/blog\/wp-json\/wp\/v2\/media?parent=3324"}],"wp:term":[{"taxonomy":"category","embeddable":true,"href":"https:\/\/www.brettl.at\/blog\/wp-json\/wp\/v2\/categories?post=3324"},{"taxonomy":"post_tag","embeddable":true,"href":"https:\/\/www.brettl.at\/blog\/wp-json\/wp\/v2\/tags?post=3324"}],"curies":[{"name":"wp","href":"https:\/\/api.w.org\/{rel}","templated":true}]}}