{"id":3349,"date":"2021-05-10T07:17:01","date_gmt":"2021-05-10T05:17:01","guid":{"rendered":"https:\/\/www.brettl.at\/blog\/?p=3349"},"modified":"2024-09-02T17:54:07","modified_gmt":"2024-09-02T15:54:07","slug":"das-kleine-anschlussdenkmal-wird-enthuellt","status":"publish","type":"post","link":"https:\/\/www.brettl.at\/blog\/das-kleine-anschlussdenkmal-wird-enthuellt\/","title":{"rendered":"Das \u201ekleine Anschlussdenkmal\u201c wird enth\u00fcllt"},"content":{"rendered":"<div class=\"fusion-fullwidth fullwidth-box fusion-builder-row-1 fusion-flex-container nonhundred-percent-fullwidth non-hundred-percent-height-scrolling\" style=\"--awb-border-radius-top-left:0px;--awb-border-radius-top-right:0px;--awb-border-radius-bottom-right:0px;--awb-border-radius-bottom-left:0px;--awb-flex-wrap:wrap;\" ><div class=\"fusion-builder-row fusion-row fusion-flex-align-items-flex-start fusion-flex-content-wrap\" style=\"max-width:1100.32px;margin-left: calc(-4% \/ 2 );margin-right: calc(-4% \/ 2 );\"><div class=\"fusion-layout-column fusion_builder_column fusion-builder-column-0 fusion_builder_column_1_1 1_1 fusion-flex-column\" style=\"--awb-bg-size:cover;--awb-width-large:100%;--awb-margin-top-large:0px;--awb-spacing-right-large:1.92%;--awb-margin-bottom-large:0px;--awb-spacing-left-large:1.92%;--awb-width-medium:100%;--awb-spacing-right-medium:1.92%;--awb-spacing-left-medium:1.92%;--awb-width-small:100%;--awb-spacing-right-small:1.92%;--awb-spacing-left-small:1.92%;\"><div class=\"fusion-column-wrapper fusion-flex-justify-content-flex-start fusion-content-layout-column\"><div class=\"fusion-text fusion-text-1\"><p>Anl\u00e4sslich der 10-j\u00e4hrigen Zugeh\u00f6rigkeit des Burgenlandes zu \u00d6sterreich wurden in Kobersdorf, St. Margarethen, Heiligenkreuz im Lafnitztal, Eisenstadt und in Obersch\u00fctzen Denkm\u00e4ler errichtet. Das \u201ekleine Anschlussdenkmal\u201c in Obersch\u00fctzen war wohl das bekannteste und wurde zum Gro\u00dfteil von der Obersch\u00fctzener Lehrerschaft initiiert. Die finanzielle Unterst\u00fctzung erfolgte durch Spenden von der Bev\u00f6lkerung und eine \u201eBausteinaktion\u201c vom \u201eDeutschen Schulverein S\u00fcdmark\u201c. Das Denkmal wurde im Stil eines \u201ealtgermanischen Opfersteines\u201c gestaltet und auf einer leichten Anh\u00f6he an der Stra\u00dfe nach Jormannsdorf aufgestellt. An der Vorderseite des Steines wurde die Aufschrift \u201eDeutsch allezeit\u201c angebracht. \u00dcber die Enth\u00fcllung des Denkmals berichtete die Zeitung \u201eBurgenlandwacht\u201c am 28. Juni 1931:<br \/>\n<a href=\"https:\/\/www.brettl.at\/wp-content\/uploads\/2021\/05\/Oberschuetzen-1931.jpg\"><img decoding=\"async\" class=\"alignleft size-medium wp-image-3350\" src=\"https:\/\/www.brettl.at\/wp-content\/uploads\/2021\/05\/Oberschuetzen-1931-181x300.jpg\" alt=\"\" width=\"181\" height=\"300\" srcset=\"https:\/\/www.brettl.at\/wp-content\/uploads\/2021\/05\/Oberschuetzen-1931-181x300.jpg 181w, https:\/\/www.brettl.at\/wp-content\/uploads\/2021\/05\/Oberschuetzen-1931-200x331.jpg 200w, https:\/\/www.brettl.at\/wp-content\/uploads\/2021\/05\/Oberschuetzen-1931-400x662.jpg 400w, https:\/\/www.brettl.at\/wp-content\/uploads\/2021\/05\/Oberschuetzen-1931-600x993.jpg 600w, https:\/\/www.brettl.at\/wp-content\/uploads\/2021\/05\/Oberschuetzen-1931-619x1024.jpg 619w, https:\/\/www.brettl.at\/wp-content\/uploads\/2021\/05\/Oberschuetzen-1931.jpg 640w\" sizes=\"(max-width: 181px) 100vw, 181px\" \/><\/a>\u201eDie Enth\u00fcllung des Anschlu\u00dfdenkmales in Obersch\u00fctzen.<br \/>\nObersch\u00fctzen war seit jeher eine der Gemeinden, auf die das Burgenland mit Recht stolz sein kann. Nun hat es wieder eine Tat gesetzt, die weit \u00fcber die Gemarkungen dieser stramm deutschen Gemeinde bedeutungsvoll im wahrsten Sinne des Wortes ist und die allen burgenl\u00e4ndischen Gemeinden, nicht zuletzt der Landeshauptstadt Eisenstadt, als leuchtendes Vorbild dienen sollte: die studierende Jugend Obersch\u00fctzens hat vor wenigen Wochen den Beschlu\u00df gefa\u00dft, zur Erinnerung an den vor zehn Jahren erfolgten Anschlu\u00df des Burgenlandes an Oesterreich ein w\u00fcrdiges Denkmal zu errichten, ein Beschlu\u00df, der binnen wenigen Wochen zur Tat wurde. So konnte Sonntag, den 21. d. die feierliche Enth\u00fcllung des Obersch\u00fctzener Anschlu\u00dfdenkmales erfolgen, wor\u00fcber wir aus Obersch\u00fctzen folgenden Bericht erhielten:<br \/>\nDer Verlauf der Feier.<br \/>\nDem m\u00fcrrischen Wettergott zum Trotz fand zur Sommersonnenwende &#8211; Sonntag, den 21. d., unter unerwartet zahlreicher Beteiligung der Bev\u00f6lkerung die hehre Feier statt. Die studierende Jugend unserer Anstalten &#8211; Realgymnasium und Lehrerbildungsanstalt hat den wohlverdienten Lohn geerntet. Das Fest verlief ungest\u00f6rt. Unter den Marschkl\u00e4ngen einer Musikkapelle zogen zum Festplatze die Volkssch\u00fcler von Obersch\u00fctzen, Untersch\u00fctzen, Willersdorf, Aschau und Tauchen, die Hauptschulen Oberwart und Pinkafeld, die Obersch\u00fctzener Mittelsch\u00fcler und Lehramtsz\u00f6glinge, die Ghargierten der Grazer wehrhaften Korporationen (Burschenschaft &#8216;Stiria&#8217;, Akademische Verbindung &#8216;Tauriska&#8217;, Corps &#8216;Teutonia&#8217;, Gorps &#8216;Vandalia, &#8216;Verein Deutscher Studenten&#8217;, Burschenschaft &#8216;Allemannia&#8217;, Burschenschaft &#8216;Arminia&#8217;, &#8216;AkademischerTurnverein&#8217;,Burschenschaft &#8216;Carniola&#8217;,Burschenschaft &#8216;Frankonia&#8217;, Burschenschaft &#8216;Germania&#8217;, &#8216;Akademischer Jahnbund&#8217;,Corps Joan-nea&#8217;, Burschenschaft &#8216;Marcho-Teutonia&#8217;, Burschenschaft &#8216;Ostmark&#8217;, Burschenschaft &#8216;Raetho-Germania&#8217;) ferner die Orts-Pennalien &#8216;Grenzwacht&#8217; und &#8216;Hermania&#8217;, die Vertreter des Waffenringes und des Wiener Delegiertenkonventes. Ihnen folgten Vertreter der &#8216;Landsmannschaft der Burgenl\u00e4nder in Wien&#8217;, Die Feuerwehren der umliegenden Ortschaften und mehrere Gesangvereine (auch vom magyarischen Unterwart) mit ihren Fahnen. Der Obmann des Festausschusses, Prof. Gesellbegr\u00fc\u00dfte namentlich Oberreg.-Rat Bezirkshauptmann Alzner als Vertreter der burgenl\u00e4ndischen Landesregierung und Ehrenschutzherrn der Feier, Landesrat Grabenhofer, Hofrat Dr. Hecke vom Deutschen Schulverein S\u00fcdmark (Hauptleitung Wien),und Direktor Gorton (Kreisleitung Graz), Direktor Prof. Donawell (Oberwart), Dr. M\u00fchlbauer (Vorau), Gerichtsvorsteher Rauscher (G\u00fcssing), Pfarrer Bothar (Schlaining), mit denen die Liste der Ehreng\u00e4ste keineswegs abgeschlossen ist. Der Sprecher der Obersch\u00fctzener Schulanstalten, Plank (VII. Rg.), dankte zum Schl\u00fcsse seiner jugendlich begeisterten und begeisternden Rede dem Ehrenschutzherrn und den Professoren Dr. Paintner und Kozdon f\u00fcr ihre M\u00fchewaltung. Prof. Dr. Bulfon sprach in Vertretung des leider erkrankten Superintendenten Beyer. Oberreg.-Rat Alzner richtete z\u00fcndende und packende Worte an die Festg\u00e4ste. B\u00fcrgermeister Neubauer \u00fcbernahm das Denkmal in die Obhut der Gemeinde und Sch\u00fcler und Sch\u00fclerinnen legten am Malsteine Kr\u00e4nze nieder. Es sprachen auch Vertreter der akademischen Korporationen, Hofrat Dr. Hecke, Prof. Polster und der Obmann der Landsmannschaft der Burgenl\u00e4nder, die auch der Toten des Weltkrieges und des burgenl\u00e4ndischen Freiheitskampfes gedachten. Die weihevolle Feier wurde hierauf mit der Bundeshymne und dem Deutschlandlied geschlossen. Nehmt alles nur in allem, es war ein Fest, wie es Obersch\u00fctzen nicht bald wieder erleben wird, das uns aus sorgenvollem Alltagsleben zu v\u00f6lkischer Begeisterung erhob.<br \/>\nWidmungen trafen noch ein von folgenden Pers\u00f6nlichkeiten: &#8216;Durch das Selbstbestimmungsrecht der Nationen und die Gleichberechtigung der V\u00f6lker zum Frieden Europas.&#8217; Paul Loebe, Pr\u00e4sident des Reichstages. -&#8216;Was auch daraus werde, steh zu deinem Volke! Es ist dein angeborener Platz!&#8217; Oberreg.-Rat Bezirkshauptmann Alzner, Oberwart. &#8211; &#8216;Dieses Denkmal sei ein dauerndes Zeichen der Treue zum \u00f6sterreichischen Volke und zu unserem Bundesstaate&#8217;. Dr. Ender, Bundeskanzler.<br \/>\nDie Gr\u00fcndungsurkunde.<br \/>\nDie Gr\u00fcndungsurkunde, mit den Widmungen ins Denkmal eingemauert, hat folgenden Wortlaut:<br \/>\n&#8216;Zum ewigen Ged\u00e4chtnis der Vereinigung des Burgenlandes mit Oesterreich und in der sicheren Hoffnung auch [!] das nahende gemeinsame deutsche Vaterland, in welche [!] das neue Geschlecht von 1930 einziehen soll, hat die studierende Jugend der Lehranstalten von Obersch\u00fctzen (evang. Realgymnasium und Lehrerbildungsanstalt) in unwandelbarer Treue und im festen Glauben an Deutschlands Herrensendung unter den V\u00f6lkern dieses steinerne Denkmal errichtet.<br \/>\nDer Tag ist nicht mehr fern, an dem nach des Dichters Wort um alles deutsche Land und um alle deutschen Herzen ein Band gewunden wird, st\u00e4rker und inniger, denn sehns\u00fcchtig gew\u00fcnschte und vom Gegner geh\u00e4ssig bek\u00e4mpfte Zollvereine. &#8211; Das walte Gott! 1921 &#8211; 1931. Zehn Jahre deutsches Burgenland. 21. Juni 1931.&#8217;<br \/>\nAn den Festakt schloss sich ein von Primarius Dr. Smital geleitetes Fest.<br \/>\n(Burgenlandwacht, II. Jg. 1931. Folge 26 vom 28. Juni 1931. S. 5)<\/p>\n<\/div><\/div><\/div><\/div><\/div>\n","protected":false},"excerpt":{"rendered":"<p>Anl\u00e4sslich der 10-j\u00e4hrigen Zugeh\u00f6rigkeit des Burgenlandes zu \u00d6sterreich wurden in Kobersdorf, St. Margarethen, Heiligenkreuz, Eisenstadt und in Obersch\u00fctzen Denkm\u00e4ler errichtet. <\/p>\n","protected":false},"author":3,"featured_media":3350,"comment_status":"open","ping_status":"open","sticky":false,"template":"","format":"standard","meta":{"footnotes":""},"categories":[283,20],"tags":[96],"class_list":["post-3349","post","type-post","status-publish","format-standard","has-post-thumbnail","hentry","category-283","category-zwischenkriegszeit","tag-oberschuetzen"],"_links":{"self":[{"href":"https:\/\/www.brettl.at\/blog\/wp-json\/wp\/v2\/posts\/3349","targetHints":{"allow":["GET"]}}],"collection":[{"href":"https:\/\/www.brettl.at\/blog\/wp-json\/wp\/v2\/posts"}],"about":[{"href":"https:\/\/www.brettl.at\/blog\/wp-json\/wp\/v2\/types\/post"}],"author":[{"embeddable":true,"href":"https:\/\/www.brettl.at\/blog\/wp-json\/wp\/v2\/users\/3"}],"replies":[{"embeddable":true,"href":"https:\/\/www.brettl.at\/blog\/wp-json\/wp\/v2\/comments?post=3349"}],"version-history":[{"count":3,"href":"https:\/\/www.brettl.at\/blog\/wp-json\/wp\/v2\/posts\/3349\/revisions"}],"predecessor-version":[{"id":4722,"href":"https:\/\/www.brettl.at\/blog\/wp-json\/wp\/v2\/posts\/3349\/revisions\/4722"}],"wp:featuredmedia":[{"embeddable":true,"href":"https:\/\/www.brettl.at\/blog\/wp-json\/wp\/v2\/media\/3350"}],"wp:attachment":[{"href":"https:\/\/www.brettl.at\/blog\/wp-json\/wp\/v2\/media?parent=3349"}],"wp:term":[{"taxonomy":"category","embeddable":true,"href":"https:\/\/www.brettl.at\/blog\/wp-json\/wp\/v2\/categories?post=3349"},{"taxonomy":"post_tag","embeddable":true,"href":"https:\/\/www.brettl.at\/blog\/wp-json\/wp\/v2\/tags?post=3349"}],"curies":[{"name":"wp","href":"https:\/\/api.w.org\/{rel}","templated":true}]}}