{"id":3380,"date":"2021-06-09T07:02:33","date_gmt":"2021-06-09T05:02:33","guid":{"rendered":"https:\/\/www.brettl.at\/blog\/?p=3380"},"modified":"2024-09-02T17:53:34","modified_gmt":"2024-09-02T15:53:34","slug":"begleichung-einer-persoenlichen-feindschaft","status":"publish","type":"post","link":"https:\/\/www.brettl.at\/blog\/begleichung-einer-persoenlichen-feindschaft\/","title":{"rendered":"\u201eBegleichung\u201c einer pers\u00f6nlichen Feindschaft"},"content":{"rendered":"<div class=\"fusion-fullwidth fullwidth-box fusion-builder-row-1 nonhundred-percent-fullwidth non-hundred-percent-height-scrolling\" style=\"--awb-border-radius-top-left:0px;--awb-border-radius-top-right:0px;--awb-border-radius-bottom-right:0px;--awb-border-radius-bottom-left:0px;--awb-flex-wrap:wrap;\" ><div class=\"fusion-builder-row fusion-row\"><div class=\"fusion-layout-column fusion_builder_column fusion-builder-column-0 fusion_builder_column_1_1 1_1 fusion-one-full fusion-column-first fusion-column-last\" style=\"--awb-bg-size:cover;--awb-margin-bottom:0px;\"><div class=\"fusion-column-wrapper fusion-flex-column-wrapper-legacy\"><div class=\"fusion-text fusion-text-1\"><p>Nach der gescheiterten Angliederung des Burgenlandes und mit dem R\u00fcckzug der \u00f6sterreichischen Gendarmen flohen die Pro-\u00d6sterreich-Agitatoren, aber auch Teile der ver\u00e4ngstigten Bev\u00f6lkerung vor den ungarischen Freisch\u00e4rlern nach \u00d6sterreich. F\u00fcr die Gebliebenen begannen vielfach Wochen der Drangsalierung mit Pl\u00fcnderungen, Folter, schweren Misshandlungen bis hin zu Mord \u2013 so d\u00fcrften zehn Personen auf Grund des Terrors ums Leben gekommen sein. Dies traf vor allem j\u00fcdische Kaufleute im Bezirk Oberpullendorf oder M\u00fchlenbesitzer, die sich gegen die Requirierungen von Getreide und Mehl auflehnten. Die wenigen Personen der \u00f6rtlichen Intelligenz, die nicht f\u00fcr Ungarn optiert hatten, hatten besonders unter den Repressalien der Freisch\u00e4rler und der \u201ePro-Ungarischen-Personen\u201c zu leiden, wie auch Josef Illes, der Not\u00e4r (Amtsleiter) von St. Michael bei G\u00fcssing. Illes wurde am 30. August 1921 unter dem Vorwand verhaftetet, dass er mit dem \u00f6sterreichischen Kanzler Karl Renner in Verbindung stehe. Diese Verbindung bestand tats\u00e4chlich, war jedoch rein privater Natur, er war n\u00e4mlich mit Dr. Renner verwandt. Nach Verh\u00f6r und Folter brachte man ihn anschlie\u00dfend nach Kohfidisch, wo er dieselbe Tortur nochmals \u00fcber sich ergehen lassen musste. Danach wurde er auf der Stra\u00dfe nach Kotezicken von den Freisch\u00e4rlern erschossen. Die Ausschaltung von Illes d\u00fcrfte wohl mit der \u201eBegleichung\u201c einer pers\u00f6nlichen Feindschaft in Verbindung stehen, wie Zeugen sp\u00e4ter berichteten. Einem Bericht des Gendarmeriepostenkommandos G\u00fcssing an die Bezirkshauptmannschaft G\u00fcssing am 3. Oktober 1924 ist zu entnehmen:<br \/>\n<a href=\"https:\/\/www.brettl.at\/wp-content\/uploads\/2021\/06\/St.-Michael.jpg\"><img decoding=\"async\" class=\"alignleft size-medium wp-image-3381\" src=\"https:\/\/www.brettl.at\/wp-content\/uploads\/2021\/06\/St.-Michael-300x200.jpg\" alt=\"\" width=\"300\" height=\"200\" srcset=\"https:\/\/www.brettl.at\/wp-content\/uploads\/2021\/06\/St.-Michael-200x134.jpg 200w, https:\/\/www.brettl.at\/wp-content\/uploads\/2021\/06\/St.-Michael-300x200.jpg 300w, https:\/\/www.brettl.at\/wp-content\/uploads\/2021\/06\/St.-Michael-400x267.jpg 400w, https:\/\/www.brettl.at\/wp-content\/uploads\/2021\/06\/St.-Michael-600x401.jpg 600w, https:\/\/www.brettl.at\/wp-content\/uploads\/2021\/06\/St.-Michael.jpg 630w\" sizes=\"(max-width: 300px) 100vw, 300px\" \/><\/a>\u201eNach durchgef\u00fchrter Erhebung wird betreffs Ermordung des Josef Illes folgendes angezeigt:<br \/>\nJosef Illes, der in St. Michael \u00fcber 10 Jahre als Kreisnot\u00e4r diente hat sich w\u00e4hrend dieser Zeit, wie die meisten dieser magyarischen Not\u00e4re nicht allein bei dem deutschen Volke, sondern auch bei seinen eigenen Stammesbr\u00fcdern viele Feinde zugezogen. Mit dem in St. Michael wohnhaft gewesenen Magyarische Kreisarzt Dr. Emmerich Rettegy stand er anfangs auf sehr guten Fuss, welches Verh\u00e4ltnis sich aber sp\u00e4ter \u00e4nderte und hierauf in Feindschaft \u00fcberging, wobei die Frauen der beiden Genannten eine grosse Rolle mitgespielt haben sollen.<br \/>\nW\u00e4hrend der Burgenlandbewegung, insbesondere vor und zur Zeit als die \u00dcbergabe des Landes an \u00d6sterreich stattfinden sollte, hat sich der ermordete Josef Illes seinen fr\u00fcheren guten Freunden, Dr. Rettegy, Gastwirten Ludwig Sarko und Josef Wukitsch, sowie anderen magyarischen Anh\u00e4ngern in der Agitation f\u00fcr Ungarn nicht \u00f6ffentlich angeschlossen, sondern hat sich neutral verhalten, was zur Folge hatte, dass er von Dr. Rettegy verfolgt, bzw. von diesen bei den ungarischen Beh\u00f6rden etc. verschw\u00e4rzt [sic!] wurde.<br \/>\nDie Verfolgung des Josef Illes durch Dr. Rettegy nahm. Wie vielen in St. Michael wohnhaften B\u00fcrgern bekannt ist, kein Ende mehr und in der letzteren Zeit wurde Dr. Rettegy noch von den Notariatsgehilfen Zoltan Wieser, welcher nach der Notariatsstelle des Josef Illes strebte, unterst\u00fctzt.<br \/>\nDurch Angaben falscher Beschuldigungen an massgebenden Stellen kam es so weit, dass gegen Josef Illes eine Untersuchung gef\u00fchrt und dieser am 31. August 1921 erschossen wurde. [\u2026]\u201c<br \/>\n(BLA. Polizei 1925. 326\/25)<\/p>\n<\/div><div class=\"fusion-clearfix\"><\/div><\/div><\/div><\/div><\/div>\n","protected":false},"excerpt":{"rendered":"<p>Nach der gescheiterten Angliederung des Burgenlandes flohen die Pro-\u00d6sterreich-Agitatoren vor den ungarischen Freisch\u00e4rlern nach \u00d6sterreich. <\/p>\n","protected":false},"author":3,"featured_media":3381,"comment_status":"open","ping_status":"open","sticky":false,"template":"","format":"standard","meta":{"footnotes":""},"categories":[283,38],"tags":[198,254,89],"class_list":["post-3380","post","type-post","status-publish","format-standard","has-post-thumbnail","hentry","category-283","category-westungarn","tag-kohfidisch","tag-kotezicken","tag-st-michael"],"_links":{"self":[{"href":"https:\/\/www.brettl.at\/blog\/wp-json\/wp\/v2\/posts\/3380","targetHints":{"allow":["GET"]}}],"collection":[{"href":"https:\/\/www.brettl.at\/blog\/wp-json\/wp\/v2\/posts"}],"about":[{"href":"https:\/\/www.brettl.at\/blog\/wp-json\/wp\/v2\/types\/post"}],"author":[{"embeddable":true,"href":"https:\/\/www.brettl.at\/blog\/wp-json\/wp\/v2\/users\/3"}],"replies":[{"embeddable":true,"href":"https:\/\/www.brettl.at\/blog\/wp-json\/wp\/v2\/comments?post=3380"}],"version-history":[{"count":3,"href":"https:\/\/www.brettl.at\/blog\/wp-json\/wp\/v2\/posts\/3380\/revisions"}],"predecessor-version":[{"id":3384,"href":"https:\/\/www.brettl.at\/blog\/wp-json\/wp\/v2\/posts\/3380\/revisions\/3384"}],"wp:featuredmedia":[{"embeddable":true,"href":"https:\/\/www.brettl.at\/blog\/wp-json\/wp\/v2\/media\/3381"}],"wp:attachment":[{"href":"https:\/\/www.brettl.at\/blog\/wp-json\/wp\/v2\/media?parent=3380"}],"wp:term":[{"taxonomy":"category","embeddable":true,"href":"https:\/\/www.brettl.at\/blog\/wp-json\/wp\/v2\/categories?post=3380"},{"taxonomy":"post_tag","embeddable":true,"href":"https:\/\/www.brettl.at\/blog\/wp-json\/wp\/v2\/tags?post=3380"}],"curies":[{"name":"wp","href":"https:\/\/api.w.org\/{rel}","templated":true}]}}