{"id":3455,"date":"2021-09-06T07:08:03","date_gmt":"2021-09-06T05:08:03","guid":{"rendered":"https:\/\/www.brettl.at\/blog\/?p=3455"},"modified":"2024-09-02T17:57:30","modified_gmt":"2024-09-02T15:57:30","slug":"starenabwehr-aber-wie","status":"publish","type":"post","link":"https:\/\/www.brettl.at\/blog\/starenabwehr-aber-wie\/","title":{"rendered":"\u201eStarenabwehr\u201c &#8211; aber wie?"},"content":{"rendered":"<div class=\"fusion-fullwidth fullwidth-box fusion-builder-row-1 fusion-flex-container nonhundred-percent-fullwidth non-hundred-percent-height-scrolling\" style=\"--awb-border-radius-top-left:0px;--awb-border-radius-top-right:0px;--awb-border-radius-bottom-right:0px;--awb-border-radius-bottom-left:0px;--awb-flex-wrap:wrap;\" ><div class=\"fusion-builder-row fusion-row fusion-flex-align-items-flex-start fusion-flex-content-wrap\" style=\"max-width:1100.32px;margin-left: calc(-4% \/ 2 );margin-right: calc(-4% \/ 2 );\"><div class=\"fusion-layout-column fusion_builder_column fusion-builder-column-0 fusion_builder_column_1_1 1_1 fusion-flex-column\" style=\"--awb-bg-size:cover;--awb-width-large:100%;--awb-margin-top-large:0px;--awb-spacing-right-large:1.92%;--awb-margin-bottom-large:0px;--awb-spacing-left-large:1.92%;--awb-width-medium:100%;--awb-spacing-right-medium:1.92%;--awb-spacing-left-medium:1.92%;--awb-width-small:100%;--awb-spacing-right-small:1.92%;--awb-spacing-left-small:1.92%;\"><div class=\"fusion-column-wrapper fusion-flex-justify-content-flex-start fusion-content-layout-column\"><div class=\"fusion-text fusion-text-1\"><p>Ein l\u00e4stiger Widersacher der burgenl\u00e4ndischen Weinbauern ist der Star. Wie man diesen Vogelschw\u00e4rmen, die innerhalb kurzer Zeit gro\u00dfe Sch\u00e4den anrichten, begegnen soll, dar\u00fcber scheiden sich schon lange die Geister: mit dem Weingartenh\u00fcter (\u201eHiata\u201c) und einer Schreckschusspistole oder wie fr\u00fcher mit einer Peitsche (\u201eKlesche\u00b4n), oder mit kleinmotorigen Flugzeugen (\u201eStoanjauka\u201c)? Heute werden, um die Stare zu verjagen, vielfach Netze gespannt oder auch, zum Leidwesen von Anrainern, lokale \u201eSchussapparate\u201c aufgestellt. So beschwerte sich ein Bewohner aus Podersdorf beim Verwaltungsgerichtshof:<br \/>\n<a href=\"https:\/\/www.brettl.at\/wp-content\/uploads\/2021\/09\/45.jpg\"><img decoding=\"async\" class=\"alignleft size-medium wp-image-3456\" src=\"https:\/\/www.brettl.at\/wp-content\/uploads\/2021\/09\/45-300x151.jpg\" alt=\"\" width=\"300\" height=\"151\" srcset=\"https:\/\/www.brettl.at\/wp-content\/uploads\/2021\/09\/45-200x100.jpg 200w, https:\/\/www.brettl.at\/wp-content\/uploads\/2021\/09\/45-300x151.jpg 300w, https:\/\/www.brettl.at\/wp-content\/uploads\/2021\/09\/45-400x201.jpg 400w, https:\/\/www.brettl.at\/wp-content\/uploads\/2021\/09\/45-540x272.jpg 540w, https:\/\/www.brettl.at\/wp-content\/uploads\/2021\/09\/45-600x301.jpg 600w, https:\/\/www.brettl.at\/wp-content\/uploads\/2021\/09\/45-768x386.jpg 768w, https:\/\/www.brettl.at\/wp-content\/uploads\/2021\/09\/45-800x402.jpg 800w, https:\/\/www.brettl.at\/wp-content\/uploads\/2021\/09\/45.jpg 844w\" sizes=\"(max-width: 300px) 100vw, 300px\" \/><\/a>\u201eWir sind einer gesundheitsbeeintr\u00e4chtigenden und unertr\u00e4glichen Ger\u00e4uschbel\u00e4stigung ausgesetzt, 16 Wochen lang, von 10. Juli bis 31. Oktober, 7 Tage pro Woche, von der Morgend\u00e4mmerung bis zur Abendd\u00e4mmerung und teilweise auch nachts, durch geschlossene Fenster hindurch, permanente B\u00f6ller\u00adsch\u00fcsse, h\u00f6rbar jeweils 2 bis 5 pro Minute von verschiedenen Ger\u00e4ten, mit und ohne Echoeffekte aus verschiedenen Richtungen und Entfernungen. In einer solchen Situation leben und arbeiten zu m\u00fcssen, ist f\u00fcr uns eine Qual und f\u00fcr viele andere Einwohner und Urlauber auch.\u201c<br \/>\n(https:\/\/volksanwaltschaft.gv.at\/downloads\/apb2s\/BgldBericht_final.pdf)<\/p>\n<\/div><\/div><\/div><\/div><\/div>\n","protected":false},"excerpt":{"rendered":"<p>Ein l\u00e4stiger Widersacher der burgenl\u00e4ndischen Weinbauern ist der Star. Wie man diesen Vogelschw\u00e4rmen begegnen soll, dar\u00fcber scheiden sich schon lange die Geister. <\/p>\n","protected":false},"author":3,"featured_media":3456,"comment_status":"open","ping_status":"open","sticky":false,"template":"","format":"standard","meta":{"footnotes":""},"categories":[283,17],"tags":[44],"class_list":["post-3455","post","type-post","status-publish","format-standard","has-post-thumbnail","hentry","category-283","category-landwirtschaft","tag-podersdorf"],"_links":{"self":[{"href":"https:\/\/www.brettl.at\/blog\/wp-json\/wp\/v2\/posts\/3455","targetHints":{"allow":["GET"]}}],"collection":[{"href":"https:\/\/www.brettl.at\/blog\/wp-json\/wp\/v2\/posts"}],"about":[{"href":"https:\/\/www.brettl.at\/blog\/wp-json\/wp\/v2\/types\/post"}],"author":[{"embeddable":true,"href":"https:\/\/www.brettl.at\/blog\/wp-json\/wp\/v2\/users\/3"}],"replies":[{"embeddable":true,"href":"https:\/\/www.brettl.at\/blog\/wp-json\/wp\/v2\/comments?post=3455"}],"version-history":[{"count":3,"href":"https:\/\/www.brettl.at\/blog\/wp-json\/wp\/v2\/posts\/3455\/revisions"}],"predecessor-version":[{"id":4734,"href":"https:\/\/www.brettl.at\/blog\/wp-json\/wp\/v2\/posts\/3455\/revisions\/4734"}],"wp:featuredmedia":[{"embeddable":true,"href":"https:\/\/www.brettl.at\/blog\/wp-json\/wp\/v2\/media\/3456"}],"wp:attachment":[{"href":"https:\/\/www.brettl.at\/blog\/wp-json\/wp\/v2\/media?parent=3455"}],"wp:term":[{"taxonomy":"category","embeddable":true,"href":"https:\/\/www.brettl.at\/blog\/wp-json\/wp\/v2\/categories?post=3455"},{"taxonomy":"post_tag","embeddable":true,"href":"https:\/\/www.brettl.at\/blog\/wp-json\/wp\/v2\/tags?post=3455"}],"curies":[{"name":"wp","href":"https:\/\/api.w.org\/{rel}","templated":true}]}}