{"id":3490,"date":"2021-10-09T20:32:17","date_gmt":"2021-10-09T18:32:17","guid":{"rendered":"https:\/\/www.brettl.at\/blog\/?p=3490"},"modified":"2024-09-02T17:56:43","modified_gmt":"2024-09-02T15:56:43","slug":"die-pflichten-eines-lehrlings","status":"publish","type":"post","link":"https:\/\/www.brettl.at\/blog\/die-pflichten-eines-lehrlings\/","title":{"rendered":"Die Pflichten eines Lehrlings"},"content":{"rendered":"<div class=\"fusion-fullwidth fullwidth-box fusion-builder-row-1 fusion-flex-container nonhundred-percent-fullwidth non-hundred-percent-height-scrolling\" style=\"--awb-border-radius-top-left:0px;--awb-border-radius-top-right:0px;--awb-border-radius-bottom-right:0px;--awb-border-radius-bottom-left:0px;--awb-flex-wrap:wrap;\" ><div class=\"fusion-builder-row fusion-row fusion-flex-align-items-flex-start fusion-flex-content-wrap\" style=\"max-width:1100.32px;margin-left: calc(-4% \/ 2 );margin-right: calc(-4% \/ 2 );\"><div class=\"fusion-layout-column fusion_builder_column fusion-builder-column-0 fusion_builder_column_1_1 1_1 fusion-flex-column\" style=\"--awb-bg-size:cover;--awb-width-large:100%;--awb-margin-top-large:0px;--awb-spacing-right-large:1.92%;--awb-margin-bottom-large:0px;--awb-spacing-left-large:1.92%;--awb-width-medium:100%;--awb-spacing-right-medium:1.92%;--awb-spacing-left-medium:1.92%;--awb-width-small:100%;--awb-spacing-right-small:1.92%;--awb-spacing-left-small:1.92%;\"><div class=\"fusion-column-wrapper fusion-flex-justify-content-flex-start fusion-content-layout-column\"><div class=\"fusion-text fusion-text-1\"><p>Die Arbeiterkammer Burgenland informiert im J\u00e4nner 2020 auf ihrer Homepage kurz und lapidar \u00fcber die Pflichten des Lehrlings: \u201eLehrlinge m\u00fcssen sich bem\u00fchen, den gew\u00e4hlten Lehrberuf zu erlernen und daf\u00fcr regelm\u00e4\u00dfig die Berufsschule zu besuchen. Sie m\u00fcssen Gesch\u00e4fts- und Betriebsgeheimnisse f\u00fcr sich behalten und bei einer Erkrankung oder einer sonstigen Verhinderung sofort den Lehrberechtigten verst\u00e4ndigen.\u201c<\/p>\n<div id=\"attachment_3491\" style=\"width: 310px\" class=\"wp-caption alignleft\"><a href=\"https:\/\/www.brettl.at\/wp-content\/uploads\/2021\/10\/Schmiede-Teutsch-Meszelnyi-Franz-um-1940-1-a.jpg\"><img decoding=\"async\" aria-describedby=\"caption-attachment-3491\" class=\"size-medium wp-image-3491\" src=\"https:\/\/www.brettl.at\/wp-content\/uploads\/2021\/10\/Schmiede-Teutsch-Meszelnyi-Franz-um-1940-1-a-300x223.jpg\" alt=\"\" width=\"300\" height=\"223\" srcset=\"https:\/\/www.brettl.at\/wp-content\/uploads\/2021\/10\/Schmiede-Teutsch-Meszelnyi-Franz-um-1940-1-a-200x149.jpg 200w, https:\/\/www.brettl.at\/wp-content\/uploads\/2021\/10\/Schmiede-Teutsch-Meszelnyi-Franz-um-1940-1-a-300x223.jpg 300w, https:\/\/www.brettl.at\/wp-content\/uploads\/2021\/10\/Schmiede-Teutsch-Meszelnyi-Franz-um-1940-1-a-400x298.jpg 400w, https:\/\/www.brettl.at\/wp-content\/uploads\/2021\/10\/Schmiede-Teutsch-Meszelnyi-Franz-um-1940-1-a-600x447.jpg 600w, https:\/\/www.brettl.at\/wp-content\/uploads\/2021\/10\/Schmiede-Teutsch-Meszelnyi-Franz-um-1940-1-a.jpg 634w\" sizes=\"(max-width: 300px) 100vw, 300px\" \/><\/a><p id=\"caption-attachment-3491\" class=\"wp-caption-text\">In der Schmiede am Kleylehof um 1940<\/p><\/div>\n<p>Auch in den 1950er Jahren waren in den \u201eVorschriften \u00fcber das Lehrverh\u00e4ltnis\u201c die Pflichten des Lehrlings klar definiert und festgeschrieben. So wurde 1958 in einem Lehrlingsvertrag unter der Rubrik \u201ePflichten eines Lehrlings\u201c festgehalten:<br \/>\n\u201eDer Lehrling ist verpflichtet:<br \/>\nsich flei\u00dfig und gewissenhaft zu bem\u00fchen, das Lehrziel innerhalb der Lehrzeit zu erreichen;<br \/>\ndem Lehrherrn oder dessen Vertreter Treue und Gehorsam zu erweisen, die im Betrieb bestehende Ordnung, insbesondere die Betriebsordnung und die Unfallverh\u00fctungsvorschriften genau einzuhalten, sowie die ihm \u00fcbertragenen Arbeiten gewissenhaft auszuf\u00fchren und sich innerhalb und au\u00dferhalb des Betriebes ordentlich zu verhalten;<br \/>\ndas Wohl des Betriebes nach jeder Richtung hin zu wahren und \u00fcber alle Gesch\u00e4fts- und Betriebsvorg\u00e4nge Stillschweigen zu beobachten;<br \/>\ndie ihm anvertrauten Werkstoffe und Ger\u00e4te des Lehrherrn nur zu den ihm aufgetragenen Arbeiten zu verwenden und sorgsam damit umzugehen;<br \/>\ndie gewerbliche Fortbildungsschule regelm\u00e4\u00dfig und p\u00fcnktlich zu besuchen;<br \/>\ndie vorgeschriebenen Pr\u00fcfungen rechtzeitig abzulegen;<br \/>\nsich auf Verlangen des Lehrherrn, sp\u00e4testens bis zur Beendigung der Probezeit, einem Verfahren zur Feststellung der Berufseignung zu unterziehen und auf den Gesundheitszustand untersuchen zu lassen;<br \/>\ndem Lehrherrn unverz\u00fcglich Nachricht zu geben, falls er gezwungen ist, von der Arbeit oder vom Schulbesuch fernzubleiben und die Gr\u00fcnde des Fernbleibens mitzuteilen. Im Krankheitsfalle kann der Lehrherr die Vorlage des Krankenscheines oder einer sonstigen \u00e4rztlichen Bescheinigung verlangen;\u201c<br \/>\n(Archiv WK-Burgenland)<\/p>\n<\/div><\/div><\/div><\/div><\/div>\n","protected":false},"excerpt":{"rendered":"<p>Die Arbeiterkammer Burgenland informiert im J\u00e4nner 2020 auf ihrer Homepage kurz und lapidar \u00fcber die Pflichten des Lehrlings: \u201eLehrlinge m\u00fcssen &#8230;<\/p>\n","protected":false},"author":3,"featured_media":3491,"comment_status":"open","ping_status":"open","sticky":false,"template":"","format":"standard","meta":{"footnotes":""},"categories":[283,61],"tags":[],"class_list":["post-3490","post","type-post","status-publish","format-standard","has-post-thumbnail","hentry","category-283","category-wirtschaft"],"_links":{"self":[{"href":"https:\/\/www.brettl.at\/blog\/wp-json\/wp\/v2\/posts\/3490","targetHints":{"allow":["GET"]}}],"collection":[{"href":"https:\/\/www.brettl.at\/blog\/wp-json\/wp\/v2\/posts"}],"about":[{"href":"https:\/\/www.brettl.at\/blog\/wp-json\/wp\/v2\/types\/post"}],"author":[{"embeddable":true,"href":"https:\/\/www.brettl.at\/blog\/wp-json\/wp\/v2\/users\/3"}],"replies":[{"embeddable":true,"href":"https:\/\/www.brettl.at\/blog\/wp-json\/wp\/v2\/comments?post=3490"}],"version-history":[{"count":3,"href":"https:\/\/www.brettl.at\/blog\/wp-json\/wp\/v2\/posts\/3490\/revisions"}],"predecessor-version":[{"id":4730,"href":"https:\/\/www.brettl.at\/blog\/wp-json\/wp\/v2\/posts\/3490\/revisions\/4730"}],"wp:featuredmedia":[{"embeddable":true,"href":"https:\/\/www.brettl.at\/blog\/wp-json\/wp\/v2\/media\/3491"}],"wp:attachment":[{"href":"https:\/\/www.brettl.at\/blog\/wp-json\/wp\/v2\/media?parent=3490"}],"wp:term":[{"taxonomy":"category","embeddable":true,"href":"https:\/\/www.brettl.at\/blog\/wp-json\/wp\/v2\/categories?post=3490"},{"taxonomy":"post_tag","embeddable":true,"href":"https:\/\/www.brettl.at\/blog\/wp-json\/wp\/v2\/tags?post=3490"}],"curies":[{"name":"wp","href":"https:\/\/api.w.org\/{rel}","templated":true}]}}