{"id":3500,"date":"2021-10-19T07:30:03","date_gmt":"2021-10-19T05:30:03","guid":{"rendered":"https:\/\/www.brettl.at\/blog\/?p=3500"},"modified":"2024-09-02T17:56:36","modified_gmt":"2024-09-02T15:56:36","slug":"ein-film-zum-nachdenken","status":"publish","type":"post","link":"https:\/\/www.brettl.at\/blog\/ein-film-zum-nachdenken\/","title":{"rendered":"Ein Film zum Nachdenken"},"content":{"rendered":"<div class=\"fusion-fullwidth fullwidth-box fusion-builder-row-1 nonhundred-percent-fullwidth non-hundred-percent-height-scrolling\" style=\"--awb-border-radius-top-left:0px;--awb-border-radius-top-right:0px;--awb-border-radius-bottom-right:0px;--awb-border-radius-bottom-left:0px;--awb-flex-wrap:wrap;\" ><div class=\"fusion-builder-row fusion-row\"><div class=\"fusion-layout-column fusion_builder_column fusion-builder-column-0 fusion_builder_column_1_1 1_1 fusion-one-full fusion-column-first fusion-column-last\" style=\"--awb-bg-size:cover;--awb-margin-bottom:0px;\"><div class=\"fusion-column-wrapper fusion-flex-column-wrapper-legacy\"><div class=\"fusion-text fusion-text-1\"><p>1929 ver\u00f6ffentlichte Erich Maria Remarque seinen Roman \u201eIm Westen nichts Neues\u201c, der bereits wenig sp\u00e4ter verfilmt wurde. Alsbald l\u00f6sten das Buch und der Film heftige Debatten zwischen Kriegsgegnern und konservativen Nationalisten, vor allem Mitglieder der NSDAP, aus, die die unheroischen Schilderungen \u00fcber das Leben und Sterben von jungen deutschen Soldaten massiv ablehnten und die Filmvorf\u00fchrungen vielfach st\u00f6rten. Auch bei der burgenl\u00e4ndischen Bev\u00f6lkerung l\u00f6ste der Film gro\u00dfes Interesse aus und das Umfeld der Kinovorf\u00fchrungen bzw. die Besucher wurden von der Gendarmerie beobachtet, wie ein Bericht des Gendarmeriepostens Kittsee im J\u00e4nner 1931 an die Bezirkshauptmannschaft Neusiedl am See zeigt:<br \/>\n<a href=\"https:\/\/www.brettl.at\/wp-content\/uploads\/2021\/10\/Im-Westen.jpg\"><img decoding=\"async\" class=\"alignleft size-medium wp-image-3501\" src=\"https:\/\/www.brettl.at\/wp-content\/uploads\/2021\/10\/Im-Westen-227x300.jpg\" alt=\"\" width=\"227\" height=\"300\" srcset=\"https:\/\/www.brettl.at\/wp-content\/uploads\/2021\/10\/Im-Westen-200x265.jpg 200w, https:\/\/www.brettl.at\/wp-content\/uploads\/2021\/10\/Im-Westen-227x300.jpg 227w, https:\/\/www.brettl.at\/wp-content\/uploads\/2021\/10\/Im-Westen.jpg 300w\" sizes=\"(max-width: 227px) 100vw, 227px\" \/><\/a>\u201eIm Lichtspielhaus \u201eTatra\u201c in Pre\u00dfburg l\u00e4uft schon seit l\u00e4ngerer Zeit der deutsche Sprechfilm \u201eIm Westen nichts Neues\u201c. Dieser Film wird von einem gro\u00dfen Teile der Kittseer Bev\u00f6lkerung, namentlich aber von sozialdemokratischen Parteig\u00e4ngern besucht.<br \/>\nAm 19.1.1931, vor Beginn der von 17 bis 19 Uhr laufenden Vorstellung des genannten Filmes wurde jedem Kinobesucher ein Bogen \u00fcberreicht, der in tschechischer, deutscher und ungarischer Sprache die beiden Rubriken \u201eF\u00dcR DEN KREG\u201c \u2013 \u201eGEGENDEN KRIEG\u201c enthielt. Jeder Besucher hatte dann in der von ihm gew\u00e4hlten Rubrik seinen Namen und Wohnort zu verzeichnen. Das \u00dcberreichen der Formulare im Vorraume des Kinos besorgten zwei Frauen, von denen eine jeden Besucher in deutscher, die andere in tschechischer und ungarischer Sprache zur Ausf\u00fcllung einer der beiden Rubriken aufforderte.\u201c<br \/>\n(BLA. BH Neusiedl am See. Lage und T\u00e4tigkeitsberichte. J\u00e4nner 1931)<\/p>\n<\/div><div class=\"fusion-clearfix\"><\/div><\/div><\/div><\/div><\/div>\n","protected":false},"excerpt":{"rendered":"<p>1929 ver\u00f6ffentlichte Erich Maria Remarque seinen Roman \u201eIm Westen nichts Neues\u201c, der bereits wenig sp\u00e4ter verfilmt wurde. Alsbald l\u00f6sten das Buch und der Film heftige Debatten aus.<\/p>\n","protected":false},"author":3,"featured_media":3501,"comment_status":"open","ping_status":"open","sticky":false,"template":"","format":"standard","meta":{"footnotes":""},"categories":[283,231,20],"tags":[135],"class_list":["post-3500","post","type-post","status-publish","format-standard","has-post-thumbnail","hentry","category-283","category-kultur","category-zwischenkriegszeit","tag-kittsee"],"_links":{"self":[{"href":"https:\/\/www.brettl.at\/blog\/wp-json\/wp\/v2\/posts\/3500","targetHints":{"allow":["GET"]}}],"collection":[{"href":"https:\/\/www.brettl.at\/blog\/wp-json\/wp\/v2\/posts"}],"about":[{"href":"https:\/\/www.brettl.at\/blog\/wp-json\/wp\/v2\/types\/post"}],"author":[{"embeddable":true,"href":"https:\/\/www.brettl.at\/blog\/wp-json\/wp\/v2\/users\/3"}],"replies":[{"embeddable":true,"href":"https:\/\/www.brettl.at\/blog\/wp-json\/wp\/v2\/comments?post=3500"}],"version-history":[{"count":3,"href":"https:\/\/www.brettl.at\/blog\/wp-json\/wp\/v2\/posts\/3500\/revisions"}],"predecessor-version":[{"id":3504,"href":"https:\/\/www.brettl.at\/blog\/wp-json\/wp\/v2\/posts\/3500\/revisions\/3504"}],"wp:featuredmedia":[{"embeddable":true,"href":"https:\/\/www.brettl.at\/blog\/wp-json\/wp\/v2\/media\/3501"}],"wp:attachment":[{"href":"https:\/\/www.brettl.at\/blog\/wp-json\/wp\/v2\/media?parent=3500"}],"wp:term":[{"taxonomy":"category","embeddable":true,"href":"https:\/\/www.brettl.at\/blog\/wp-json\/wp\/v2\/categories?post=3500"},{"taxonomy":"post_tag","embeddable":true,"href":"https:\/\/www.brettl.at\/blog\/wp-json\/wp\/v2\/tags?post=3500"}],"curies":[{"name":"wp","href":"https:\/\/api.w.org\/{rel}","templated":true}]}}