{"id":3506,"date":"2021-10-24T07:59:45","date_gmt":"2021-10-24T05:59:45","guid":{"rendered":"https:\/\/www.brettl.at\/blog\/?p=3506"},"modified":"2024-09-02T17:59:38","modified_gmt":"2024-09-02T15:59:38","slug":"kritik-der-saisonarbeiter","status":"publish","type":"post","link":"https:\/\/www.brettl.at\/blog\/kritik-der-saisonarbeiter\/","title":{"rendered":"Kritik der Saisonarbeiter"},"content":{"rendered":"<div class=\"fusion-fullwidth fullwidth-box fusion-builder-row-1 fusion-flex-container nonhundred-percent-fullwidth non-hundred-percent-height-scrolling\" style=\"--awb-border-radius-top-left:0px;--awb-border-radius-top-right:0px;--awb-border-radius-bottom-right:0px;--awb-border-radius-bottom-left:0px;--awb-flex-wrap:wrap;\" ><div class=\"fusion-builder-row fusion-row fusion-flex-align-items-flex-start fusion-flex-content-wrap\" style=\"max-width:1100.32px;margin-left: calc(-4% \/ 2 );margin-right: calc(-4% \/ 2 );\"><div class=\"fusion-layout-column fusion_builder_column fusion-builder-column-0 fusion_builder_column_1_1 1_1 fusion-flex-column\" style=\"--awb-bg-size:cover;--awb-width-large:100%;--awb-margin-top-large:0px;--awb-spacing-right-large:1.92%;--awb-margin-bottom-large:0px;--awb-spacing-left-large:1.92%;--awb-width-medium:100%;--awb-spacing-right-medium:1.92%;--awb-spacing-left-medium:1.92%;--awb-width-small:100%;--awb-spacing-right-small:1.92%;--awb-spacing-left-small:1.92%;\"><div class=\"fusion-column-wrapper fusion-flex-justify-content-flex-start fusion-content-layout-column\"><div class=\"fusion-text fusion-text-1\"><p>Tausende M\u00e4nner und Frauen aus dem Mittel- und S\u00fcdburgenland begaben sich jedes Jahr als landwirtschaftliche Saisonarbeiter auf die Gro\u00dfgrundbesitzungen in das Nordburgenland. Ihre kleinen bescheidenen Besitzt\u00fcmer in ihren Heimatd\u00f6rfern reichten meist nicht aus, das n\u00f6tige Einkommen zu sichern. Die L\u00f6hne auf den Gutsh\u00f6fen entsprachen jedoch nicht immer den Vorstellungen der Arbeitskr\u00e4fte, wie ein Bericht des Gendarmeriepostens Deutsch Jahrndorf an die BH Neusiedl am See am 8. Oktober 1937 zeigt:<br \/>\n<a href=\"https:\/\/www.brettl.at\/wp-content\/uploads\/2021\/10\/Unbenannt-47-1939-u-u-47-1939-am-Hof.jpg\"><img decoding=\"async\" class=\"alignleft size-medium wp-image-3507\" src=\"https:\/\/www.brettl.at\/wp-content\/uploads\/2021\/10\/Unbenannt-47-1939-u-u-47-1939-am-Hof-300x146.jpg\" alt=\"\" width=\"300\" height=\"146\" srcset=\"https:\/\/www.brettl.at\/wp-content\/uploads\/2021\/10\/Unbenannt-47-1939-u-u-47-1939-am-Hof-200x97.jpg 200w, https:\/\/www.brettl.at\/wp-content\/uploads\/2021\/10\/Unbenannt-47-1939-u-u-47-1939-am-Hof-300x146.jpg 300w, https:\/\/www.brettl.at\/wp-content\/uploads\/2021\/10\/Unbenannt-47-1939-u-u-47-1939-am-Hof.jpg 391w\" sizes=\"(max-width: 300px) 100vw, 300px\" \/><\/a>\u201eAm 7.Oktober 1937 fr\u00fch haben zk.70 Arbeiter aus den Gemeinden Nikitsch, Horitschon, Deutschkreutz die Arbeit verweigert u. sind nicht mehr auf die Felder Paradeiser pfl\u00fccken gegangen, trotzdem ihnen von der Betriebsf\u00fchrung der Lohn von 50 auf 60 g. pro Kiste erh\u00f6ht wurde. Als Grund der Arbeitsverweigerung geben die Arbeiter geringen Verdienst an, der ungeachtet der Lohnerh\u00f6hung, kaum f\u00fcr die Kost hinreicht. Die geringe Verdienstm\u00f6glichkeit sei eingetreten, weil die Haupternte bereits eingebracht ist und, da\u00df die nunmehr erst nachtr\u00e4glich reifwerdende Paradeiser so gering vorkommen, da\u00df gute Pfl\u00fccker bei vorher hoher Leistung angeblich nur h\u00f6chstens 6 bis 7 Kisten pro Tag zusammenbringen k\u00f6nnen.<br \/>\nAnmerkung: In den Aufarbeitswerkst\u00e4tten (Fabriken) verdienen die Arbeiter 30 g pro Stunde. Die Arbeitszeit betr\u00e4gt 12 Stunden, abz\u00fcglich der Mittags- und Jausenzeit. Die Akkordarbeiten auf den Paradeisfeldern beginnen beim Morgengrauen und enden mit der D\u00e4mmerung.\u201c<br \/>\n(BLA. BH-ND-Polizei 1937. XIII-222\/5)<\/p>\n<\/div><\/div><\/div><\/div><\/div>\n","protected":false},"excerpt":{"rendered":"<p>Tausende M\u00e4nner und Frauen aus dem Mittel- und S\u00fcdburgenland begaben sich jedes Jahr als landwirtschaftliche Saisonarbeiter auf die Gro\u00dfgrundbesitzungen in das Nordburgenland. <\/p>\n","protected":false},"author":3,"featured_media":3507,"comment_status":"open","ping_status":"open","sticky":false,"template":"","format":"standard","meta":{"footnotes":""},"categories":[283,17,61],"tags":[211,129,92,105],"class_list":["post-3506","post","type-post","status-publish","format-standard","has-post-thumbnail","hentry","category-283","category-landwirtschaft","category-wirtschaft","tag-deutschkreutz","tag-dt-jahrndorf","tag-horitschon","tag-nikitsch"],"_links":{"self":[{"href":"https:\/\/www.brettl.at\/blog\/wp-json\/wp\/v2\/posts\/3506","targetHints":{"allow":["GET"]}}],"collection":[{"href":"https:\/\/www.brettl.at\/blog\/wp-json\/wp\/v2\/posts"}],"about":[{"href":"https:\/\/www.brettl.at\/blog\/wp-json\/wp\/v2\/types\/post"}],"author":[{"embeddable":true,"href":"https:\/\/www.brettl.at\/blog\/wp-json\/wp\/v2\/users\/3"}],"replies":[{"embeddable":true,"href":"https:\/\/www.brettl.at\/blog\/wp-json\/wp\/v2\/comments?post=3506"}],"version-history":[{"count":3,"href":"https:\/\/www.brettl.at\/blog\/wp-json\/wp\/v2\/posts\/3506\/revisions"}],"predecessor-version":[{"id":4741,"href":"https:\/\/www.brettl.at\/blog\/wp-json\/wp\/v2\/posts\/3506\/revisions\/4741"}],"wp:featuredmedia":[{"embeddable":true,"href":"https:\/\/www.brettl.at\/blog\/wp-json\/wp\/v2\/media\/3507"}],"wp:attachment":[{"href":"https:\/\/www.brettl.at\/blog\/wp-json\/wp\/v2\/media?parent=3506"}],"wp:term":[{"taxonomy":"category","embeddable":true,"href":"https:\/\/www.brettl.at\/blog\/wp-json\/wp\/v2\/categories?post=3506"},{"taxonomy":"post_tag","embeddable":true,"href":"https:\/\/www.brettl.at\/blog\/wp-json\/wp\/v2\/tags?post=3506"}],"curies":[{"name":"wp","href":"https:\/\/api.w.org\/{rel}","templated":true}]}}