{"id":3510,"date":"2021-10-29T07:15:01","date_gmt":"2021-10-29T05:15:01","guid":{"rendered":"https:\/\/www.brettl.at\/blog\/?p=3510"},"modified":"2024-09-02T17:59:42","modified_gmt":"2024-09-02T15:59:42","slug":"burgenlandanzug-fuer-die-identitaet","status":"publish","type":"post","link":"https:\/\/www.brettl.at\/blog\/burgenlandanzug-fuer-die-identitaet\/","title":{"rendered":"Burgenlandanzug f\u00fcr die Identit\u00e4t"},"content":{"rendered":"<p>Mitte der 1960er Jahre wurde von mehreren Seiten bem\u00e4ngelt, dass es im Burgenland, im Gegensatz zu den anderen Bundesl\u00e4ndern, keinen allgemein anerkannten Trachtenanzug gebe. Um diesen Mangel zu beseitigen und die burgenl\u00e4ndische Identit\u00e4t zu f\u00f6rdern, suchten das Volksbildungswerk und die Innung der Kleidermacher mit Unterst\u00fctzung der Politik einen Weg, eine erneuerte Landestracht zu entwickeln. Die Kleidermacher Josef Teuschler, Stotzing, Johann Juraszovich, Baumgarten, Josef Str\u00fcmpf und Franz Ramhofer, beide aus Wiesen, schneiderten alsbald nach den Vorgaben des Volkskundlers Dr. Franz Lipp den neuentworfenen \u201eBurgenlandanzug\u201c. Am 22. Feber 1967 wurde der Anzug erstmals von der Regierungsspitze im Landtag der \u00d6ffentlichkeit pr\u00e4sentiert.<br \/>\n<a href=\"https:\/\/www.brettl.at\/wp-content\/uploads\/2021\/10\/Burgenlandanzug.jpg\"><img decoding=\"async\" class=\"alignleft size-medium wp-image-3511\" src=\"https:\/\/www.brettl.at\/wp-content\/uploads\/2021\/10\/Burgenlandanzug-296x300.jpg\" alt=\"\" width=\"296\" height=\"300\" srcset=\"https:\/\/www.brettl.at\/wp-content\/uploads\/2021\/10\/Burgenlandanzug-66x66.jpg 66w, https:\/\/www.brettl.at\/wp-content\/uploads\/2021\/10\/Burgenlandanzug-200x203.jpg 200w, https:\/\/www.brettl.at\/wp-content\/uploads\/2021\/10\/Burgenlandanzug-296x300.jpg 296w, https:\/\/www.brettl.at\/wp-content\/uploads\/2021\/10\/Burgenlandanzug-400x406.jpg 400w, https:\/\/www.brettl.at\/wp-content\/uploads\/2021\/10\/Burgenlandanzug-600x608.jpg 600w, https:\/\/www.brettl.at\/wp-content\/uploads\/2021\/10\/Burgenlandanzug.jpg 640w\" sizes=\"(max-width: 296px) 100vw, 296px\" \/><\/a>Dr. Lipp kommentierte seinen Vorschlag folgenderma\u00dfen:<br \/>\n\u201eZum Burgenlandanzug<br \/>\nDie Zugeh\u00f6rigkeit zu einem bestimmten lande dr\u00fcckt sich in \u00d6sterreich durch das Tragen einer allgemein verbindlichen Tracht aus. Der Steirer und en K\u00e4rntner, den Salzburger und Tiroler, den Ober- und Nieder\u00f6sterreicher erkennt der einigerma\u00dfen mit seiner \u00f6sterreichischen Heimat Vertraute auf den ersten Blick als Vertreter seiner Heimat.<br \/>\nDiese, wie im Falle von Ober- und Nieder\u00f6sterreich erst seit wenigen Jahren bewu\u00dft herausgestellten Landestrachten gehen, besonders was ihre Farben anbelangt, oft auf jahrhundertealte Traditionen zur\u00fcck. Eine solche kennzeichnende pr\u00e4gende Farbvorliebe zeichnet auch das Burgenland aus. Es sind, zum Unterschied von den meisten \u00f6sterreichischen Bundesl\u00e4ndern, hier sehr dunkle Farben, die den Grauton der M\u00e4nnertracht angeben: ein sehr dunkles Grau oder Blau oder Schwarz ist heute noch in der Volkskleidung f\u00fcr das ganze Land typisch. Im Schnitt wich diese burgenl\u00e4ndische Volkskleidung kaum von den im \u00fcbrigen \u00d6sterreich vom Volke angeeigneten Formen ab, d. h. auch im Burgenland ist der dort allgemein \u00fcbliche Rockschnitt mit Stehkragen durchaus bodenst\u00e4ndig, ja durch sein besonders z\u00e4hes \u00dcberleben etwa in Lutzmannsburg noch verankert. Daneben ist allerdings auch die bequemere Form des Umlegkragens schon in der 2. H\u00e4lfte des 19. Jahrhunderts volkl\u00e4ufig geworden.<br \/>\nDie Erneuerung der burgenl\u00e4ndischen M\u00e4nnertracht setzt diese ohne Zweifel vom Volkscharakter gepr\u00e4gten Eigenheiten unmittelbar fort und pa\u00dft sie den heutigen Gegebenheiten an. Dabei ist Betracht darauf genommen, da\u00df es sich um eine allen Schichten der Bev\u00f6lkerung umfassende M\u00f6glichkeit echter Repr\u00e4sentation, d.h. um einen \u201eBurgenl\u00e4nderanzug\u201c, im wahrsten Sinne des Wortes, nicht etwa um eine nur dem Bauernstand vorbehaltene Tracht handeln sollte. Die beiden ausgearbeiteten Vorschl\u00e4ge geben die M\u00f6glichkeit, je nach Geschmack und Verwendung individuell die eine andere Machart zu w\u00e4hlen. Dr. Franz Lipp\u201c<br \/>\n(Volk und Heimat. 1967. S. 53)<\/p>\n","protected":false},"excerpt":{"rendered":"<p>Mitte der 1960er Jahre wurde von mehreren Seiten bem\u00e4ngelt, dass es im Burgenland, im Gegensatz zu den anderen Bundesl\u00e4ndern, keinen allgemein anerkannten Trachtenanzug gebe. <\/p>\n","protected":false},"author":3,"featured_media":3511,"comment_status":"open","ping_status":"open","sticky":false,"template":"","format":"standard","meta":{"footnotes":""},"categories":[283,41],"tags":[257,64,220,154],"class_list":["post-3510","post","type-post","status-publish","format-standard","has-post-thumbnail","hentry","category-283","category-soziales","tag-baumgarten","tag-lutzmannsburg","tag-stotzing","tag-wiesen"],"_links":{"self":[{"href":"https:\/\/www.brettl.at\/blog\/wp-json\/wp\/v2\/posts\/3510","targetHints":{"allow":["GET"]}}],"collection":[{"href":"https:\/\/www.brettl.at\/blog\/wp-json\/wp\/v2\/posts"}],"about":[{"href":"https:\/\/www.brettl.at\/blog\/wp-json\/wp\/v2\/types\/post"}],"author":[{"embeddable":true,"href":"https:\/\/www.brettl.at\/blog\/wp-json\/wp\/v2\/users\/3"}],"replies":[{"embeddable":true,"href":"https:\/\/www.brettl.at\/blog\/wp-json\/wp\/v2\/comments?post=3510"}],"version-history":[{"count":1,"href":"https:\/\/www.brettl.at\/blog\/wp-json\/wp\/v2\/posts\/3510\/revisions"}],"predecessor-version":[{"id":3512,"href":"https:\/\/www.brettl.at\/blog\/wp-json\/wp\/v2\/posts\/3510\/revisions\/3512"}],"wp:featuredmedia":[{"embeddable":true,"href":"https:\/\/www.brettl.at\/blog\/wp-json\/wp\/v2\/media\/3511"}],"wp:attachment":[{"href":"https:\/\/www.brettl.at\/blog\/wp-json\/wp\/v2\/media?parent=3510"}],"wp:term":[{"taxonomy":"category","embeddable":true,"href":"https:\/\/www.brettl.at\/blog\/wp-json\/wp\/v2\/categories?post=3510"},{"taxonomy":"post_tag","embeddable":true,"href":"https:\/\/www.brettl.at\/blog\/wp-json\/wp\/v2\/tags?post=3510"}],"curies":[{"name":"wp","href":"https:\/\/api.w.org\/{rel}","templated":true}]}}