{"id":3525,"date":"2021-11-13T17:14:27","date_gmt":"2021-11-13T16:14:27","guid":{"rendered":"https:\/\/www.brettl.at\/blog\/?p=3525"},"modified":"2024-09-02T17:59:55","modified_gmt":"2024-09-02T15:59:55","slug":"bitte-um-entschaedigung-fuer-erlittene-freischaerlerschaeden","status":"publish","type":"post","link":"https:\/\/www.brettl.at\/blog\/bitte-um-entschaedigung-fuer-erlittene-freischaerlerschaeden\/","title":{"rendered":"Bitte um Entsch\u00e4digung f\u00fcr erlittene Freisch\u00e4rlersch\u00e4den"},"content":{"rendered":"<div class=\"fusion-fullwidth fullwidth-box fusion-builder-row-1 nonhundred-percent-fullwidth non-hundred-percent-height-scrolling\" style=\"--awb-border-radius-top-left:0px;--awb-border-radius-top-right:0px;--awb-border-radius-bottom-right:0px;--awb-border-radius-bottom-left:0px;--awb-flex-wrap:wrap;\" ><div class=\"fusion-builder-row fusion-row\"><div class=\"fusion-layout-column fusion_builder_column fusion-builder-column-0 fusion_builder_column_1_1 1_1 fusion-one-full fusion-column-first fusion-column-last\" style=\"--awb-bg-size:cover;--awb-margin-bottom:0px;\"><div class=\"fusion-column-wrapper fusion-flex-column-wrapper-legacy\"><div class=\"fusion-text fusion-text-1\"><p>Verhandlungen betreffend der Regelung der westungarischen\/burgenl\u00e4ndischen Frage zwischen \u00d6sterreich und Ungarn wurde von Seite des \u00f6sterreichischen Bundeskanzlers Johannes Schober die Forderung nach Reparationszahlungen seitens Ungarns f\u00fcr die entstandenen Sch\u00e4den w\u00e4hrend der Freisch\u00e4rlerzeit erhoben. In den Venediger Protokollen wurde schlussendlich festgelegt, dass die Schadenanspr\u00fcche der Gesch\u00e4digten durch ein Schiedsgericht bewertet werden sollen. Ein Betroffener war unter anderen der Schmiedemeister Michael Schuch aus St. Michael. Nachdem er vergeblich auf eine Entsch\u00e4digungszahlung gewartete hatte, schrieb er am 1. September 1924 einen Bittbrief:<br \/>\n<a href=\"https:\/\/www.brettl.at\/wp-content\/uploads\/2021\/11\/20180618_182848-Kopie.jpg\"><img decoding=\"async\" class=\"alignleft size-medium wp-image-3526\" src=\"https:\/\/www.brettl.at\/wp-content\/uploads\/2021\/11\/20180618_182848-Kopie-300x157.jpg\" alt=\"\" width=\"300\" height=\"157\" srcset=\"https:\/\/www.brettl.at\/wp-content\/uploads\/2021\/11\/20180618_182848-Kopie-200x105.jpg 200w, https:\/\/www.brettl.at\/wp-content\/uploads\/2021\/11\/20180618_182848-Kopie-300x157.jpg 300w, https:\/\/www.brettl.at\/wp-content\/uploads\/2021\/11\/20180618_182848-Kopie-400x209.jpg 400w, https:\/\/www.brettl.at\/wp-content\/uploads\/2021\/11\/20180618_182848-Kopie-600x314.jpg 600w, https:\/\/www.brettl.at\/wp-content\/uploads\/2021\/11\/20180618_182848-Kopie-768x401.jpg 768w, https:\/\/www.brettl.at\/wp-content\/uploads\/2021\/11\/20180618_182848-Kopie-800x418.jpg 800w, https:\/\/www.brettl.at\/wp-content\/uploads\/2021\/11\/20180618_182848-Kopie-1024x535.jpg 1024w, https:\/\/www.brettl.at\/wp-content\/uploads\/2021\/11\/20180618_182848-Kopie-1200x627.jpg 1200w, https:\/\/www.brettl.at\/wp-content\/uploads\/2021\/11\/20180618_182848-Kopie-1536x803.jpg 1536w\" sizes=\"(max-width: 300px) 100vw, 300px\" \/><\/a>\u201eSehr geehrter Herr Nationalrat!<br \/>\nZur\u00fcckkommend auf meine pers\u00f6nliche Vorsprache bei Ihnen wegen meiner Entsch\u00e4digung f\u00fcr die Freisch\u00e4rlersch\u00e4den ist mir zu meinem Bedauern bis heute keinerlei Bescheid zugekommen. Nachdem in St. Michael beinahe alle Gesch\u00e4digten wenigstens einen Teilbetrag erhalten haben, erlaube ich mir Sie zu befragen aus welchem Grunde ich nichts erhalte. Ich bin auf das schwerste gekr\u00e4nkt, denn ich habe meine Zuneigung f\u00fcr \u00d6sterreich noch damals bewiesen, als selbe lebensgef\u00e4hrlich war. Ich w\u00e4re wohl auch von den Freisch\u00e4rlern erschlagen worden, wenn ich nicht im letzten Augenblicke gefl\u00fcchtet h\u00e4tte. Ich mu\u00dfte mich drei Monate in Wien aufhalten und auch meine Frau mu\u00dfte sich nach Wien fl\u00fcchten. W\u00e4hrend unserer Abwesenheit wurde meine Wohnung ausgepl\u00fcndert und mir meine Kleider geraubt. Ein Wagen wurde total ruiniert, mein Pferd war Tag und Nacht im Geschirr und wurde von den Freisch\u00e4rlern ruiniert, sogar meine bl\u00fchende Bienenkultur wurde vernichtet. Ich bin Gesch\u00e4ftsmann und habe den gr\u00f6\u00dften Schaden durch den unfreiwilligen Stillstand meines Betriebes erlitten. Mein Schaden wurde mit 20 Millionen bewertet und war dieser Betrag nicht zu hoch. Mein Ersatzanspruch wurde durch das Kreissekretariat an das Landesb\u00fcro geleitet. Bisher habe ich trotz aller Versuche leine Erledigung erhalten und ersuche ich Sie sehr geehrter Herr Nationalrat neuerlich in meiner Angelegenheit dringend intervenieren oder interpollieren [sic!] zu wollen, weil es eine haarstr\u00e4ubende Angelegenheit w\u00e4re, wenn ich meine Gef\u00fchle f\u00fcr \u00d6sterreich noch zu jenen Zeiten bekundete, wo sie noch lebensgef\u00e4hrlich waren, f\u00fcr die mir zugef\u00fcgten Sch\u00e4den keinerlei Entsch\u00e4digung erhalten w\u00fcrde. Ich bitte Sie daher nochmals um Abhilfe oder um die Weisung an welche Stelle ich mich wenden soll um endlich zu meiner Entsch\u00e4digung zu kommen und verbleibe mit herzlichen Parteigru\u00df.<br \/>\nIhr ergebener Franz Schuch<br \/>\n(BLA-Anschlussarchiv, 43. K\/II\/6(27-43) 2414-2447.3454)<\/p>\n<\/div><div class=\"fusion-clearfix\"><\/div><\/div><\/div><\/div><\/div>\n","protected":false},"excerpt":{"rendered":"<p>Bei den Venediger Verhandlungen wurden Forderung nach Reparationszahlungen f\u00fcr die entstandenen Sch\u00e4den w\u00e4hrend der Freisch\u00e4rlerzeit erhoben. <\/p>\n","protected":false},"author":3,"featured_media":3526,"comment_status":"open","ping_status":"open","sticky":false,"template":"","format":"standard","meta":{"footnotes":""},"categories":[283,38,20],"tags":[89],"class_list":["post-3525","post","type-post","status-publish","format-standard","has-post-thumbnail","hentry","category-283","category-westungarn","category-zwischenkriegszeit","tag-st-michael"],"_links":{"self":[{"href":"https:\/\/www.brettl.at\/blog\/wp-json\/wp\/v2\/posts\/3525","targetHints":{"allow":["GET"]}}],"collection":[{"href":"https:\/\/www.brettl.at\/blog\/wp-json\/wp\/v2\/posts"}],"about":[{"href":"https:\/\/www.brettl.at\/blog\/wp-json\/wp\/v2\/types\/post"}],"author":[{"embeddable":true,"href":"https:\/\/www.brettl.at\/blog\/wp-json\/wp\/v2\/users\/3"}],"replies":[{"embeddable":true,"href":"https:\/\/www.brettl.at\/blog\/wp-json\/wp\/v2\/comments?post=3525"}],"version-history":[{"count":4,"href":"https:\/\/www.brettl.at\/blog\/wp-json\/wp\/v2\/posts\/3525\/revisions"}],"predecessor-version":[{"id":3530,"href":"https:\/\/www.brettl.at\/blog\/wp-json\/wp\/v2\/posts\/3525\/revisions\/3530"}],"wp:featuredmedia":[{"embeddable":true,"href":"https:\/\/www.brettl.at\/blog\/wp-json\/wp\/v2\/media\/3526"}],"wp:attachment":[{"href":"https:\/\/www.brettl.at\/blog\/wp-json\/wp\/v2\/media?parent=3525"}],"wp:term":[{"taxonomy":"category","embeddable":true,"href":"https:\/\/www.brettl.at\/blog\/wp-json\/wp\/v2\/categories?post=3525"},{"taxonomy":"post_tag","embeddable":true,"href":"https:\/\/www.brettl.at\/blog\/wp-json\/wp\/v2\/tags?post=3525"}],"curies":[{"name":"wp","href":"https:\/\/api.w.org\/{rel}","templated":true}]}}