{"id":354,"date":"2015-06-03T15:47:37","date_gmt":"2015-06-03T13:47:37","guid":{"rendered":"http:\/\/www.brettl.at\/blog\/?p=354"},"modified":"2024-09-02T16:22:41","modified_gmt":"2024-09-02T14:22:41","slug":"eine-rundfahrt-um-den-neusiedler-see","status":"publish","type":"post","link":"https:\/\/www.brettl.at\/blog\/eine-rundfahrt-um-den-neusiedler-see\/","title":{"rendered":"Eine Rundfahrt um den Neusiedler See"},"content":{"rendered":"<div class=\"fusion-fullwidth fullwidth-box fusion-builder-row-1 nonhundred-percent-fullwidth non-hundred-percent-height-scrolling\" style=\"--awb-background-position:left top;--awb-border-sizes-top:0px;--awb-border-sizes-bottom:0px;--awb-border-sizes-left:0px;--awb-border-sizes-right:0px;--awb-border-radius-top-left:0px;--awb-border-radius-top-right:0px;--awb-border-radius-bottom-right:0px;--awb-border-radius-bottom-left:0px;--awb-padding-top:20px;--awb-padding-right:0px;--awb-padding-bottom:20px;--awb-padding-left:0px;--awb-flex-wrap:wrap;\" ><div class=\"fusion-builder-row fusion-row\"><div class=\"fusion-layout-column fusion_builder_column fusion-builder-column-0 fusion_builder_column_1_1 1_1 fusion-one-full fusion-column-first fusion-column-last fusion-column-no-min-height\" style=\"--awb-bg-size:cover;--awb-margin-bottom:0px;\"><div class=\"fusion-column-wrapper fusion-flex-column-wrapper-legacy\"><div class=\"fusion-text fusion-text-1\"><p>Der Neusiedler See-Radweg wird j\u00e4hrlich von tausenden Touristen und Radfahrfreunden befahren. Vor 120 Jahren wagten zwei Radsportbegeisterte diese Tour, wie die Neusiedler Wochenschau vom 25. August 1895 berichtet:<\/p>\n<div id=\"attachment_356\" style=\"width: 203px\" class=\"wp-caption alignleft\"><a href=\"http:\/\/www.brettl.at\/wp-content\/uploads\/2015\/06\/Viktor-Preiner.jpg\"><img decoding=\"async\" aria-describedby=\"caption-attachment-356\" class=\"size-medium wp-image-356\" src=\"http:\/\/www.brettl.at\/wp-content\/uploads\/2015\/06\/Viktor-Preiner-193x300.jpg\" alt=\"Radfahrer\" width=\"193\" height=\"300\" srcset=\"https:\/\/www.brettl.at\/wp-content\/uploads\/2015\/06\/Viktor-Preiner-193x300.jpg 193w, https:\/\/www.brettl.at\/wp-content\/uploads\/2015\/06\/Viktor-Preiner-658x1024.jpg 658w, https:\/\/www.brettl.at\/wp-content\/uploads\/2015\/06\/Viktor-Preiner.jpg 795w\" sizes=\"(max-width: 193px) 100vw, 193px\" \/><\/a><p id=\"caption-attachment-356\" class=\"wp-caption-text\">Der Radfahrer Viktor Preiner aus Halbturn um 1900. Man beachte die Lenkerform. (Quelle: Sammlung Brettl)<\/p><\/div>\n<p>\u201eDie Frauenkirchner Radfahrer, Herr Karl Lomoschitz und Josef Aichinger haben Donnerstag, den 22. eine Rundfahrt um den Neusiedler See gemacht. Die Radfahrer reisten morgens fr\u00fch 4 Uhr von Frauenkirchen \u00fcber Esterh\u00e1za nach \u00d6denburg, wo sie um 7 Uhr 30 Minuten anlangten. Nach einem Aufenthalt bis 2 Uhr nachmittags in \u00d6denburg wurde die Fahrt \u00fcber Neusiedl fortgesetzt, hier eine kurze Rast- und kamen um 7 Uhr abends wieder in Frauenkirchen wohlerhalten an. Diese circa 125 &#8211; 130 Kilometer lange Strecke wurde in 7 Stunden 10 Minuten von den Radfahrern zur\u00fcckgelegt.&#8221;<br \/>\n(Neusiedler Wochenschau vom 25. August 1895)<\/p>\n<\/div><div class=\"fusion-clearfix\"><\/div><\/div><\/div><\/div><\/div>\n","protected":false},"excerpt":{"rendered":"<p>Der Neusiedler See-Radweg wird j\u00e4hrlich von tausenden Touristen und Radfahrfreunden befahren. Vor 120 Jahren wagten zwei Radsportbegeisterte diese Tour, wie die Neusiedler Wochenschau vom 25. August 1895 berichtet: <\/p>\n","protected":false},"author":3,"featured_media":355,"comment_status":"open","ping_status":"open","sticky":false,"template":"","format":"standard","meta":{"footnotes":""},"categories":[276,26,38],"tags":[25],"class_list":["post-354","post","type-post","status-publish","format-standard","has-post-thumbnail","hentry","category-276","category-sport","category-westungarn","tag-frauenkirchen"],"_links":{"self":[{"href":"https:\/\/www.brettl.at\/blog\/wp-json\/wp\/v2\/posts\/354","targetHints":{"allow":["GET"]}}],"collection":[{"href":"https:\/\/www.brettl.at\/blog\/wp-json\/wp\/v2\/posts"}],"about":[{"href":"https:\/\/www.brettl.at\/blog\/wp-json\/wp\/v2\/types\/post"}],"author":[{"embeddable":true,"href":"https:\/\/www.brettl.at\/blog\/wp-json\/wp\/v2\/users\/3"}],"replies":[{"embeddable":true,"href":"https:\/\/www.brettl.at\/blog\/wp-json\/wp\/v2\/comments?post=354"}],"version-history":[{"count":5,"href":"https:\/\/www.brettl.at\/blog\/wp-json\/wp\/v2\/posts\/354\/revisions"}],"predecessor-version":[{"id":4323,"href":"https:\/\/www.brettl.at\/blog\/wp-json\/wp\/v2\/posts\/354\/revisions\/4323"}],"wp:featuredmedia":[{"embeddable":true,"href":"https:\/\/www.brettl.at\/blog\/wp-json\/wp\/v2\/media\/355"}],"wp:attachment":[{"href":"https:\/\/www.brettl.at\/blog\/wp-json\/wp\/v2\/media?parent=354"}],"wp:term":[{"taxonomy":"category","embeddable":true,"href":"https:\/\/www.brettl.at\/blog\/wp-json\/wp\/v2\/categories?post=354"},{"taxonomy":"post_tag","embeddable":true,"href":"https:\/\/www.brettl.at\/blog\/wp-json\/wp\/v2\/tags?post=354"}],"curies":[{"name":"wp","href":"https:\/\/api.w.org\/{rel}","templated":true}]}}