{"id":3545,"date":"2021-12-03T08:14:45","date_gmt":"2021-12-03T07:14:45","guid":{"rendered":"https:\/\/www.brettl.at\/blog\/?p=3545"},"modified":"2024-09-02T18:00:12","modified_gmt":"2024-09-02T16:00:12","slug":"ein-sieg-in-oedenburg-ist-zu-erwarten","status":"publish","type":"post","link":"https:\/\/www.brettl.at\/blog\/ein-sieg-in-oedenburg-ist-zu-erwarten\/","title":{"rendered":"\u201eEin Sieg in \u00d6denburg ist zu erwarten \u2026\u201c"},"content":{"rendered":"<p>Nach den gewaltsamen Vorf\u00e4llen zwischen \u00f6sterreichischen Gendarmen und ungarischen Freisch\u00e4rlern bei der \u201eLandnahme\u201c im Herbst 1921 drohte die Situation zu eskalieren. Auf Vermittlung Italiens trafen sich der \u00f6sterreichische Bundeskanzler Johannes Schober und der ungarische Ministerpr\u00e4sident Istv\u00e1n Bethlen Anfang Oktober in Venedig. Um die prek\u00e4re Situation zu l\u00f6sen, war die junge \u00f6sterreichische Republik zu Zugest\u00e4ndnissen in Bezug auf den Erwerb des Burgenlandes bereit. Die Staatsm\u00e4nner einigten sich in den Venediger Protokollen darauf, dass Ungarn die Freisch\u00e4rler abziehen lasse und das Burgenland an \u00d6sterreich \u00fcbergeben werde und \u00d6sterreich im Gegenzug \u00d6denburg und die umliegenden D\u00f6rfer an Ungarn abtrete. Damit \u00d6sterreich das Gesicht wahren konnte, sollte pro forma eine inszenierte Abstimmung die Ergebnisse der \u201eVenediger Protokolle\u201c legimitieren. Im \u00f6sterreichischen Au\u00dfenministerium wollte man dennoch ausloten, wie diese Abstimmung um \u00d6denburg ausgehen k\u00f6nnte. Am 6. Dezember 1921 wurde deshalb eine statistische Studie pr\u00e4sentiert, die neben der sprachlichen Zugeh\u00f6rigkeit, Anwesenheit, Heimatberechtigung, Fortschreibung der Volksz\u00e4hlungsergebnisse von 1910 auch die konfessionelle und wirtschaftliche Zugeh\u00f6rigkeit der Bewohner betrachtete und einen \u201eSieg\u201c erwartete:<br \/>\n<a href=\"https:\/\/www.brettl.at\/wp-content\/uploads\/2021\/12\/Abstimmung.jpg\"><img decoding=\"async\" class=\"alignleft size-medium wp-image-3546\" src=\"https:\/\/www.brettl.at\/wp-content\/uploads\/2021\/12\/Abstimmung-206x300.jpg\" alt=\"\" width=\"206\" height=\"300\" srcset=\"https:\/\/www.brettl.at\/wp-content\/uploads\/2021\/12\/Abstimmung-200x292.jpg 200w, https:\/\/www.brettl.at\/wp-content\/uploads\/2021\/12\/Abstimmung-206x300.jpg 206w, https:\/\/www.brettl.at\/wp-content\/uploads\/2021\/12\/Abstimmung-400x583.jpg 400w, https:\/\/www.brettl.at\/wp-content\/uploads\/2021\/12\/Abstimmung-600x875.jpg 600w, https:\/\/www.brettl.at\/wp-content\/uploads\/2021\/12\/Abstimmung.jpg 640w\" sizes=\"(max-width: 206px) 100vw, 206px\" \/><\/a>\u201e[\u2026] Nach den Zahlen k\u00f6nnte Deutsch\u00f6sterreich, auch wenn Kroaten und \u201eSonstige\u201c mit den Magyaren stimmten, auf einen ganz ansehnlichen Abstimmungssieg rechnen; (n\u00e4mlich mit 54,7% in \u00d6denburg Stadt, mit 70,9% im Landgebiet und mit 59,4% im ganzen Abstimmungsgebiet.<br \/>\nNun ist anzunehmen, dass nicht allein die Muttersprachenverteilung auf das Abstimmungsergebnis einen Einfluss nehmen wird, sondern dass da auch konfessionelle und wirtschaftliche Momente hereinspielen werden. Das Abstimmungsgebiet ist \u00fcberwiegend christlich (94,9%, darunter 62,8 katholisch und 31,9% evangelisch). Es ist ohne genaue Ortskenntnis nicht m\u00f6glich, anzugeben, wieviel Deutsche als Anh\u00e4nger des Budapester \u201echristlichen Kurses\u201c f\u00fcr Ungarn stimmen werden. Dagegen ist es sehr wahrscheinlich, dass \u00d6sterreich die Stimmen der 1300 magyarischen Juden in \u00d6denburg erhalten wird. Von Bedeutung ist weiter die Berufsverteilung der abstimmenden Bev\u00f6lkerung. Wir betrachten im folgenden die Verteilung der Erwerbst\u00e4tigen, die sich in ihrer Gesamtzahl derjenigen der Abstimmungsbev\u00f6lkerung n\u00e4hert. Die Landgemeinden besitzen zu etwa zwei Drittel landwirtschaftliche Bev\u00f6lkerung, doch spielt auch die in der Industrie t\u00e4tige Bev\u00f6lkerung eine nicht zu untersch\u00e4tzende Rolle. Die Stadt \u00d6denburg hingegen (\u00d6denburg Umgebung ist auch hier nicht inbegriffen) hat mit ihrem Drittel landwirtschaftlich-erwerbst\u00e4tiger Bev\u00f6lkerung einen ungew\u00f6hnlich starken landwirtschaftlichen Einschlag. Das \u00dcbergewicht haben aber naturgem\u00e4ss die st\u00e4dtischen Berufe.<br \/>\nMit ann\u00e4hernder Sicherheit k\u00f6nnen wir nun annehmen, dass die Tr\u00e4ger des \u00f6ffentlichen Dienstes und der freien Berufe f\u00fcr Ungarn stimmen werden. Dagegen d\u00fcrften aus politischen Gr\u00fcnden die \u00f6sterreichischen Stimmen einen st\u00e4rkeren Zulauf aus den stark besetzten Posten Industrie (vorwiegend Arbeiterschaft), Handel und Kredit und Tagl\u00f6hner, vielleicht auch Verkehr (Eisenbahnangestellte) erfahren. [\u2026]\u201c (BLA, Landesverwaltungsamt 2-1921. Forschung 601-E. o.Z.)<br \/>\nBei der Volksabstimmung vom 14. Dezember 1921 stimmten 65,2% der \u00d6denburger Bev\u00f6lkerung f\u00fcr den Verbleib bei Ungarn und nur 34,8% sprachen sich f\u00fcr einen Anschluss an \u00d6sterreich aus.<\/p>\n","protected":false},"excerpt":{"rendered":"<p>Nach den gewaltsamen Vorf\u00e4llen zwischen \u00f6sterreichischen Gendarmen und ungarischen Freisch\u00e4rlern im Herbst 1921 drohte die Situation zu eskalieren. <\/p>\n","protected":false},"author":3,"featured_media":3546,"comment_status":"open","ping_status":"open","sticky":false,"template":"","format":"standard","meta":{"footnotes":""},"categories":[283,38,20],"tags":[],"class_list":["post-3545","post","type-post","status-publish","format-standard","has-post-thumbnail","hentry","category-283","category-westungarn","category-zwischenkriegszeit"],"_links":{"self":[{"href":"https:\/\/www.brettl.at\/blog\/wp-json\/wp\/v2\/posts\/3545","targetHints":{"allow":["GET"]}}],"collection":[{"href":"https:\/\/www.brettl.at\/blog\/wp-json\/wp\/v2\/posts"}],"about":[{"href":"https:\/\/www.brettl.at\/blog\/wp-json\/wp\/v2\/types\/post"}],"author":[{"embeddable":true,"href":"https:\/\/www.brettl.at\/blog\/wp-json\/wp\/v2\/users\/3"}],"replies":[{"embeddable":true,"href":"https:\/\/www.brettl.at\/blog\/wp-json\/wp\/v2\/comments?post=3545"}],"version-history":[{"count":1,"href":"https:\/\/www.brettl.at\/blog\/wp-json\/wp\/v2\/posts\/3545\/revisions"}],"predecessor-version":[{"id":3547,"href":"https:\/\/www.brettl.at\/blog\/wp-json\/wp\/v2\/posts\/3545\/revisions\/3547"}],"wp:featuredmedia":[{"embeddable":true,"href":"https:\/\/www.brettl.at\/blog\/wp-json\/wp\/v2\/media\/3546"}],"wp:attachment":[{"href":"https:\/\/www.brettl.at\/blog\/wp-json\/wp\/v2\/media?parent=3545"}],"wp:term":[{"taxonomy":"category","embeddable":true,"href":"https:\/\/www.brettl.at\/blog\/wp-json\/wp\/v2\/categories?post=3545"},{"taxonomy":"post_tag","embeddable":true,"href":"https:\/\/www.brettl.at\/blog\/wp-json\/wp\/v2\/tags?post=3545"}],"curies":[{"name":"wp","href":"https:\/\/api.w.org\/{rel}","templated":true}]}}