{"id":3548,"date":"2021-12-08T13:34:56","date_gmt":"2021-12-08T12:34:56","guid":{"rendered":"https:\/\/www.brettl.at\/blog\/?p=3548"},"modified":"2024-09-02T18:00:16","modified_gmt":"2024-09-02T16:00:16","slug":"der-pendler-und-sein-auto","status":"publish","type":"post","link":"https:\/\/www.brettl.at\/blog\/der-pendler-und-sein-auto\/","title":{"rendered":"Der Pendler und sein Auto"},"content":{"rendered":"<div class=\"fusion-fullwidth fullwidth-box fusion-builder-row-1 nonhundred-percent-fullwidth non-hundred-percent-height-scrolling\" style=\"--awb-border-radius-top-left:0px;--awb-border-radius-top-right:0px;--awb-border-radius-bottom-right:0px;--awb-border-radius-bottom-left:0px;--awb-flex-wrap:wrap;\" ><div class=\"fusion-builder-row fusion-row\"><div class=\"fusion-layout-column fusion_builder_column fusion-builder-column-0 fusion_builder_column_1_1 1_1 fusion-one-full fusion-column-first fusion-column-last\" style=\"--awb-bg-size:cover;--awb-margin-bottom:0px;\"><div class=\"fusion-column-wrapper fusion-flex-column-wrapper-legacy\"><div class=\"fusion-text fusion-text-1\"><p>Den gr\u00f6\u00dften Pendleranteil \u00d6sterreichs gibt es im Burgenland mit 81 Prozent. \u00dcber 50.000 Burgenl\u00e4nderinnen und Burgenl\u00e4nder, rund 37 Prozent der Erwerbst\u00e4tigen, pendeln t\u00e4glich in ein anderes Bundesland, der Gro\u00dfteil nach Wien. 96 Prozent der Pendler sind mit dem Auto unterwegs, wobei in den Zahlen auch jene Pendler integriert sind, die zur Anreise einen Mix aus Auto und \u00d6ffis nutzen. Der Umstieg auf den \u00f6ffentlichen Verkehr wird vielfach propagiert. Doch ist dies m\u00f6glich? Dazu ein Leserbrief von einem Pendler aus Purbach 2008:<br \/>\n<a href=\"https:\/\/www.brettl.at\/wp-content\/uploads\/2021\/12\/20200710_094800.jpg\"><img decoding=\"async\" class=\"alignleft size-medium wp-image-3549\" src=\"https:\/\/www.brettl.at\/wp-content\/uploads\/2021\/12\/20200710_094800-300x146.jpg\" alt=\"\" width=\"300\" height=\"146\" srcset=\"https:\/\/www.brettl.at\/wp-content\/uploads\/2021\/12\/20200710_094800-200x97.jpg 200w, https:\/\/www.brettl.at\/wp-content\/uploads\/2021\/12\/20200710_094800-300x146.jpg 300w, https:\/\/www.brettl.at\/wp-content\/uploads\/2021\/12\/20200710_094800-400x194.jpg 400w, https:\/\/www.brettl.at\/wp-content\/uploads\/2021\/12\/20200710_094800-600x292.jpg 600w, https:\/\/www.brettl.at\/wp-content\/uploads\/2021\/12\/20200710_094800.jpg 640w\" sizes=\"(max-width: 300px) 100vw, 300px\" \/><\/a>\u201eIch fahre als Pendler ca. 30.000 Kilometer pro Jahr nach Wien und kann manche Kommentare von St\u00e4dtern nicht mehr h\u00f6ren. Ja wir sind freiwillig aufs Land gezogen, da die Lebensqualit\u00e4t in Wien drastisch gesunken ist und man sich als Normalverdiener kein Grundst\u00fcck in Wien leisten kann. Nur sind die Pendler nicht schuld an den Spritpreisen, da es sich um reine Abzocke seitens der \u00d6lkonzerne handelt. Ich w\u00fcrde auch gerne im eigenen Bundesland arbeiten es ist aber nicht m\u00f6glich.\u201c<br \/>\n(In: Kurier, 28. Mai 2008, S. 9)<\/p>\n<\/div><div class=\"fusion-clearfix\"><\/div><\/div><\/div><\/div><\/div>\n","protected":false},"excerpt":{"rendered":"<p>Den gr\u00f6\u00dften Pendleranteil \u00d6sterreichs gibt es im Burgenland mit 81 Prozent. Rund 37 Prozent der Erwerbst\u00e4tigen, pendeln t\u00e4glich in ein anderes Bundesland. <\/p>\n","protected":false},"author":3,"featured_media":3549,"comment_status":"open","ping_status":"open","sticky":false,"template":"","format":"standard","meta":{"footnotes":""},"categories":[283,61],"tags":[121],"class_list":["post-3548","post","type-post","status-publish","format-standard","has-post-thumbnail","hentry","category-283","category-wirtschaft","tag-purbach"],"_links":{"self":[{"href":"https:\/\/www.brettl.at\/blog\/wp-json\/wp\/v2\/posts\/3548","targetHints":{"allow":["GET"]}}],"collection":[{"href":"https:\/\/www.brettl.at\/blog\/wp-json\/wp\/v2\/posts"}],"about":[{"href":"https:\/\/www.brettl.at\/blog\/wp-json\/wp\/v2\/types\/post"}],"author":[{"embeddable":true,"href":"https:\/\/www.brettl.at\/blog\/wp-json\/wp\/v2\/users\/3"}],"replies":[{"embeddable":true,"href":"https:\/\/www.brettl.at\/blog\/wp-json\/wp\/v2\/comments?post=3548"}],"version-history":[{"count":4,"href":"https:\/\/www.brettl.at\/blog\/wp-json\/wp\/v2\/posts\/3548\/revisions"}],"predecessor-version":[{"id":3553,"href":"https:\/\/www.brettl.at\/blog\/wp-json\/wp\/v2\/posts\/3548\/revisions\/3553"}],"wp:featuredmedia":[{"embeddable":true,"href":"https:\/\/www.brettl.at\/blog\/wp-json\/wp\/v2\/media\/3549"}],"wp:attachment":[{"href":"https:\/\/www.brettl.at\/blog\/wp-json\/wp\/v2\/media?parent=3548"}],"wp:term":[{"taxonomy":"category","embeddable":true,"href":"https:\/\/www.brettl.at\/blog\/wp-json\/wp\/v2\/categories?post=3548"},{"taxonomy":"post_tag","embeddable":true,"href":"https:\/\/www.brettl.at\/blog\/wp-json\/wp\/v2\/tags?post=3548"}],"curies":[{"name":"wp","href":"https:\/\/api.w.org\/{rel}","templated":true}]}}