{"id":3658,"date":"2022-03-30T19:19:58","date_gmt":"2022-03-30T17:19:58","guid":{"rendered":"https:\/\/www.brettl.at\/blog\/?p=3658"},"modified":"2024-09-02T18:10:54","modified_gmt":"2024-09-02T16:10:54","slug":"die-jugend-kehrt-der-landwirtschaft-den-ruecken","status":"publish","type":"post","link":"https:\/\/www.brettl.at\/blog\/die-jugend-kehrt-der-landwirtschaft-den-ruecken\/","title":{"rendered":"Die Jugend kehrt der Landwirtschaft den R\u00fccken"},"content":{"rendered":"<div class=\"fusion-fullwidth fullwidth-box fusion-builder-row-1 fusion-flex-container nonhundred-percent-fullwidth non-hundred-percent-height-scrolling\" style=\"--awb-border-radius-top-left:0px;--awb-border-radius-top-right:0px;--awb-border-radius-bottom-right:0px;--awb-border-radius-bottom-left:0px;--awb-flex-wrap:wrap;\" ><div class=\"fusion-builder-row fusion-row fusion-flex-align-items-flex-start fusion-flex-content-wrap\" style=\"max-width:1100.32px;margin-left: calc(-4% \/ 2 );margin-right: calc(-4% \/ 2 );\"><div class=\"fusion-layout-column fusion_builder_column fusion-builder-column-0 fusion_builder_column_1_1 1_1 fusion-flex-column\" style=\"--awb-bg-size:cover;--awb-width-large:100%;--awb-margin-top-large:0px;--awb-spacing-right-large:1.92%;--awb-margin-bottom-large:0px;--awb-spacing-left-large:1.92%;--awb-width-medium:100%;--awb-spacing-right-medium:1.92%;--awb-spacing-left-medium:1.92%;--awb-width-small:100%;--awb-spacing-right-small:1.92%;--awb-spacing-left-small:1.92%;\"><div class=\"fusion-column-wrapper fusion-flex-justify-content-flex-start fusion-content-layout-column\"><div class=\"fusion-text fusion-text-1\"><p>Der wirtschaftliche Aufholprozess des Burgenlandes nach 1945 ging mit einem nachhaltigen Strukturwandel von der Agrar\u00f6konomie zur Industrie- und Dienstleistungsgesellschaft einher. Dieser einschneidende Strukturwandel in der burgenl\u00e4ndischen Landwirtschaft begann mit der einsetzenden Motorisierung in den sp\u00e4ten 1950er Jahren, die eine erste Welle des \u201eBauernsterbens\u201c und der Abwanderung ausl\u00f6ste. Waren 1951 noch rund 60 % der Erwerbst\u00e4tigen des Burgenlandes in der Landwirtschaft t\u00e4tig, so waren es 2018 nur noch 4,2 %. Ebenso dem allgemeinen Trend der Industriegebiete folgend, sank im Burgenland die Anzahl der land- und forstwirtschaftlichen Betriebe rasant, insbesondere der Nebenerwerbsbetriebe.<br \/>\nDer massive Umbruch in der Landwirtschaft war auch dadurch erkennbar, dass insbesondere die Jugend verst\u00e4rkt der Landwirtschaft den R\u00fccken zuwandte.<br \/>\n1972 hie\u00df es dazu von der Landwirtschaftskammer:<br \/>\n<a href=\"https:\/\/www.brettl.at\/wp-content\/uploads\/2022\/03\/060407.jpg\"><img decoding=\"async\" class=\"alignleft size-medium wp-image-3659\" src=\"https:\/\/www.brettl.at\/wp-content\/uploads\/2022\/03\/060407-300x140.jpg\" alt=\"\" width=\"300\" height=\"140\" srcset=\"https:\/\/www.brettl.at\/wp-content\/uploads\/2022\/03\/060407-200x94.jpg 200w, https:\/\/www.brettl.at\/wp-content\/uploads\/2022\/03\/060407-300x140.jpg 300w, https:\/\/www.brettl.at\/wp-content\/uploads\/2022\/03\/060407-400x187.jpg 400w, https:\/\/www.brettl.at\/wp-content\/uploads\/2022\/03\/060407.jpg 547w\" sizes=\"(max-width: 300px) 100vw, 300px\" \/><\/a>\u201eDer fortschreitende Strukturwandel in der Landwirtschaft bringt es mit sich, da\u00df weiterhin vor allem junge Menschen einen anderen Beruf erlernen, im Nebenverdienst stehen oder von der Landwirtschaft ganz abwandern. Was sich f\u00fcr unsere Jugendarbeit besonders nachteilig auswirkt, ist, da\u00df ein Gro\u00dfteil der jungen Leute, die f\u00fcr die Mitarbeit in Frage k\u00e4men, als Wochenpendler einem Zu- oder Nebenerwerb nachgehen. Eine kontinuierliche Betreuung und Aktivierung dieser Jugend ist daher \u00e4u\u00dferst schwierig. Zu dem kommt noch der vermehrte st\u00e4dtische Einflu\u00df, der uns zunehmend zu schaffen macht.\u201c<br \/>\n(T\u00e4tigkeitsbericht der Burgenl\u00e4ndischen Landwirtschaftskammer f\u00fcr das Jahr 1972, S. 20)<\/p>\n<\/div><\/div><\/div><\/div><\/div>\n","protected":false},"excerpt":{"rendered":"<p>Der wirtschaftliche Aufholprozess des Burgenlandes nach 1945 ging mit einem nachhaltigen Strukturwandel von der Agrar\u00f6konomie zur Industrie- und Dienstleistungsgesellschaft einher. <\/p>\n","protected":false},"author":3,"featured_media":3659,"comment_status":"open","ping_status":"open","sticky":false,"template":"","format":"standard","meta":{"footnotes":""},"categories":[284,17],"tags":[],"class_list":["post-3658","post","type-post","status-publish","format-standard","has-post-thumbnail","hentry","category-284","category-landwirtschaft"],"_links":{"self":[{"href":"https:\/\/www.brettl.at\/blog\/wp-json\/wp\/v2\/posts\/3658","targetHints":{"allow":["GET"]}}],"collection":[{"href":"https:\/\/www.brettl.at\/blog\/wp-json\/wp\/v2\/posts"}],"about":[{"href":"https:\/\/www.brettl.at\/blog\/wp-json\/wp\/v2\/types\/post"}],"author":[{"embeddable":true,"href":"https:\/\/www.brettl.at\/blog\/wp-json\/wp\/v2\/users\/3"}],"replies":[{"embeddable":true,"href":"https:\/\/www.brettl.at\/blog\/wp-json\/wp\/v2\/comments?post=3658"}],"version-history":[{"count":3,"href":"https:\/\/www.brettl.at\/blog\/wp-json\/wp\/v2\/posts\/3658\/revisions"}],"predecessor-version":[{"id":4755,"href":"https:\/\/www.brettl.at\/blog\/wp-json\/wp\/v2\/posts\/3658\/revisions\/4755"}],"wp:featuredmedia":[{"embeddable":true,"href":"https:\/\/www.brettl.at\/blog\/wp-json\/wp\/v2\/media\/3659"}],"wp:attachment":[{"href":"https:\/\/www.brettl.at\/blog\/wp-json\/wp\/v2\/media?parent=3658"}],"wp:term":[{"taxonomy":"category","embeddable":true,"href":"https:\/\/www.brettl.at\/blog\/wp-json\/wp\/v2\/categories?post=3658"},{"taxonomy":"post_tag","embeddable":true,"href":"https:\/\/www.brettl.at\/blog\/wp-json\/wp\/v2\/tags?post=3658"}],"curies":[{"name":"wp","href":"https:\/\/api.w.org\/{rel}","templated":true}]}}