{"id":3736,"date":"2022-06-22T06:03:10","date_gmt":"2022-06-22T04:03:10","guid":{"rendered":"https:\/\/www.brettl.at\/blog\/?p=3736"},"modified":"2024-09-02T18:17:37","modified_gmt":"2024-09-02T16:17:37","slug":"amerikanische-kartoffelkaefer","status":"publish","type":"post","link":"https:\/\/www.brettl.at\/blog\/amerikanische-kartoffelkaefer\/","title":{"rendered":"Amerikanische Kartoffelk\u00e4fer?"},"content":{"rendered":"<div class=\"fusion-fullwidth fullwidth-box fusion-builder-row-1 fusion-flex-container nonhundred-percent-fullwidth non-hundred-percent-height-scrolling\" style=\"--awb-border-radius-top-left:0px;--awb-border-radius-top-right:0px;--awb-border-radius-bottom-right:0px;--awb-border-radius-bottom-left:0px;--awb-flex-wrap:wrap;\" ><div class=\"fusion-builder-row fusion-row fusion-flex-align-items-flex-start fusion-flex-content-wrap\" style=\"max-width:1100.32px;margin-left: calc(-4% \/ 2 );margin-right: calc(-4% \/ 2 );\"><div class=\"fusion-layout-column fusion_builder_column fusion-builder-column-0 fusion_builder_column_1_1 1_1 fusion-flex-column\" style=\"--awb-bg-size:cover;--awb-width-large:100%;--awb-margin-top-large:0px;--awb-spacing-right-large:1.92%;--awb-margin-bottom-large:0px;--awb-spacing-left-large:1.92%;--awb-width-medium:100%;--awb-spacing-right-medium:1.92%;--awb-spacing-left-medium:1.92%;--awb-width-small:100%;--awb-spacing-right-small:1.92%;--awb-spacing-left-small:1.92%;\"><div class=\"fusion-column-wrapper fusion-flex-justify-content-flex-start fusion-content-layout-column\"><div class=\"fusion-text fusion-text-1\"><p>Die Schwerpunkte des Wochenblattes \u201eFreies Burgenland\u201c, der kommunistischen Partei des Burgenlandes, waren die Bodenreform, die Verfolgung ehemaliger Nationalsozialisten, propagandistische Berichte aus den kommunistischen \u201eVolksdemokratien\u201c und die heftige Kritik an der burgenl\u00e4ndischen und \u00f6sterreichischen Regierung. Manchmal nahmen die Berichte aufgrund des sowjetischen Einflusses auch groteske Formen an. So beschuldigte das Blatt 1953 die Amerikaner, \u00fcber dem Burgenland Kartoffelk\u00e4fer abzuwerfen:<br \/>\n<a href=\"https:\/\/www.brettl.at\/wp-content\/uploads\/2022\/06\/DSC_9708-Kopie.jpg\"><img decoding=\"async\" class=\"alignleft size-medium wp-image-3737\" src=\"https:\/\/www.brettl.at\/wp-content\/uploads\/2022\/06\/DSC_9708-Kopie-300x89.jpg\" alt=\"\" width=\"300\" height=\"89\" srcset=\"https:\/\/www.brettl.at\/wp-content\/uploads\/2022\/06\/DSC_9708-Kopie-200x59.jpg 200w, https:\/\/www.brettl.at\/wp-content\/uploads\/2022\/06\/DSC_9708-Kopie-300x89.jpg 300w, https:\/\/www.brettl.at\/wp-content\/uploads\/2022\/06\/DSC_9708-Kopie-400x119.jpg 400w, https:\/\/www.brettl.at\/wp-content\/uploads\/2022\/06\/DSC_9708-Kopie-600x178.jpg 600w, https:\/\/www.brettl.at\/wp-content\/uploads\/2022\/06\/DSC_9708-Kopie-768x228.jpg 768w, https:\/\/www.brettl.at\/wp-content\/uploads\/2022\/06\/DSC_9708-Kopie-800x237.jpg 800w, https:\/\/www.brettl.at\/wp-content\/uploads\/2022\/06\/DSC_9708-Kopie-1024x304.jpg 1024w, https:\/\/www.brettl.at\/wp-content\/uploads\/2022\/06\/DSC_9708-Kopie.jpg 1038w\" sizes=\"(max-width: 300px) 100vw, 300px\" \/><\/a>\u201e[\u2026] Nahezu gleichzeitig wurden aber in der Gegend von Gro\u00dfpetersdorf allenthalben Kartoffelk\u00e4fer gefunden. Und die Bev\u00f6lkerung, die Bauern von Gro\u00dfpetersdorf und Umgebung, die ihre Erd\u00e4pfelfelder nach dem gef\u00e4hrlichen Sch\u00e4dling absuchen muss, sagt: Es kann kein Zufall sein, da\u00df unmittelbar nach dem Abwurf amerikanischer Hetzflugbl\u00e4tter auch Kartoffelk\u00e4fer gefunden wurden. Ein Bauer, der in seinem Erd\u00e4pfelacker solche Flugbl\u00e4tter fand, mu\u00dfte zu seinem gr\u00f6\u00dften Schrecken auf demselben Feld ein paar Tage sp\u00e4ter zahlreiche Kartoffelk\u00e4fer und Kartoffellarven entdecken. [\u2026] Offenbar ist jetzt ein \u201efindiger Kopf\u201c im amerikanischen Kriegsministerium dahintergekommen, die beiden Kampfmittel zu kombinieren. Uns so fanden unsere burgenl\u00e4ndischen Bauern neben den von Ami-Fliegern abgeworfenen \u2013 f\u00fcr Ungarn bestimmten \u2013 Flugbl\u00f6\u00e4ttern auch die dazugeh\u00f6rigen Insekten, die Kartoffelk\u00e4fer, nach denen man jetzt gro\u00dfe Suchaktionen starten mu\u00df.<br \/>\nAlso: Achtung auf amerikanische Flugbl\u00e4tter! Der Kartoffelk\u00e4fer ist in der N\u00e4he! Wenn nicht noch \u00c4rgeres \u2026\u201c<br \/>\n(Freies Burgenland vom 26. Juli 1953, S. 1)<\/p>\n<\/div><\/div><\/div><\/div><\/div>\n","protected":false},"excerpt":{"rendered":"<p>Die Schwerpunkte des Wochenblattes \u201eFreies Burgenland\u201c, der kommunistischen Partei des Burgenlandes, waren die Bodenreform, &#8230;<\/p>\n","protected":false},"author":3,"featured_media":3737,"comment_status":"open","ping_status":"open","sticky":false,"template":"","format":"standard","meta":{"footnotes":""},"categories":[284,69,17],"tags":[120],"class_list":["post-3736","post","type-post","status-publish","format-standard","has-post-thumbnail","hentry","category-284","category-besatzungszeit","category-landwirtschaft","tag-grosspetersdorf"],"_links":{"self":[{"href":"https:\/\/www.brettl.at\/blog\/wp-json\/wp\/v2\/posts\/3736","targetHints":{"allow":["GET"]}}],"collection":[{"href":"https:\/\/www.brettl.at\/blog\/wp-json\/wp\/v2\/posts"}],"about":[{"href":"https:\/\/www.brettl.at\/blog\/wp-json\/wp\/v2\/types\/post"}],"author":[{"embeddable":true,"href":"https:\/\/www.brettl.at\/blog\/wp-json\/wp\/v2\/users\/3"}],"replies":[{"embeddable":true,"href":"https:\/\/www.brettl.at\/blog\/wp-json\/wp\/v2\/comments?post=3736"}],"version-history":[{"count":3,"href":"https:\/\/www.brettl.at\/blog\/wp-json\/wp\/v2\/posts\/3736\/revisions"}],"predecessor-version":[{"id":4761,"href":"https:\/\/www.brettl.at\/blog\/wp-json\/wp\/v2\/posts\/3736\/revisions\/4761"}],"wp:featuredmedia":[{"embeddable":true,"href":"https:\/\/www.brettl.at\/blog\/wp-json\/wp\/v2\/media\/3737"}],"wp:attachment":[{"href":"https:\/\/www.brettl.at\/blog\/wp-json\/wp\/v2\/media?parent=3736"}],"wp:term":[{"taxonomy":"category","embeddable":true,"href":"https:\/\/www.brettl.at\/blog\/wp-json\/wp\/v2\/categories?post=3736"},{"taxonomy":"post_tag","embeddable":true,"href":"https:\/\/www.brettl.at\/blog\/wp-json\/wp\/v2\/tags?post=3736"}],"curies":[{"name":"wp","href":"https:\/\/api.w.org\/{rel}","templated":true}]}}