{"id":3822,"date":"2022-10-19T21:31:33","date_gmt":"2022-10-19T19:31:33","guid":{"rendered":"https:\/\/www.brettl.at\/blog\/?p=3822"},"modified":"2024-09-02T18:22:39","modified_gmt":"2024-09-02T16:22:39","slug":"wir-halten-ihr-schreiben-in-evidenz","status":"publish","type":"post","link":"https:\/\/www.brettl.at\/blog\/wir-halten-ihr-schreiben-in-evidenz\/","title":{"rendered":"Wir halten Ihr Schreiben in Evidenz"},"content":{"rendered":"<div class=\"fusion-fullwidth fullwidth-box fusion-builder-row-1 fusion-flex-container nonhundred-percent-fullwidth non-hundred-percent-height-scrolling\" style=\"--awb-border-radius-top-left:0px;--awb-border-radius-top-right:0px;--awb-border-radius-bottom-right:0px;--awb-border-radius-bottom-left:0px;--awb-flex-wrap:wrap;\" ><div class=\"fusion-builder-row fusion-row fusion-flex-align-items-flex-start fusion-flex-content-wrap\" style=\"max-width:1100.32px;margin-left: calc(-4% \/ 2 );margin-right: calc(-4% \/ 2 );\"><div class=\"fusion-layout-column fusion_builder_column fusion-builder-column-0 fusion_builder_column_1_1 1_1 fusion-flex-column\" style=\"--awb-bg-size:cover;--awb-width-large:100%;--awb-margin-top-large:0px;--awb-spacing-right-large:1.92%;--awb-margin-bottom-large:0px;--awb-spacing-left-large:1.92%;--awb-width-medium:100%;--awb-spacing-right-medium:1.92%;--awb-spacing-left-medium:1.92%;--awb-width-small:100%;--awb-spacing-right-small:1.92%;--awb-spacing-left-small:1.92%;\"><div class=\"fusion-column-wrapper fusion-flex-justify-content-flex-start fusion-content-layout-column\"><div class=\"fusion-text fusion-text-1\"><p>\u2026 so werden vielfach Bewerbungsschreiben beantwortet. Auch die Bewerbungen von Frau X enthielten diese Floskel. Zuvor wurde sie ersucht, dass sie zum Vorstellungsgespr\u00e4ch als Flugbegleiterin bei der AUA \u201eweder in langer Hose noch in Stiefel erscheinen solle\u201c. Nachdem sie keine positive Antwort erhielt, wandte sie sich im September 1984 an den Pr\u00e4sidenten der <a href=\"https:\/\/www.brettl.at\/wp-content\/uploads\/2022\/10\/Flugbegleiterin.jpg\"><img decoding=\"async\" class=\"alignleft size-medium wp-image-3823\" src=\"https:\/\/www.brettl.at\/wp-content\/uploads\/2022\/10\/Flugbegleiterin-300x149.jpg\" alt=\"\" width=\"300\" height=\"149\" srcset=\"https:\/\/www.brettl.at\/wp-content\/uploads\/2022\/10\/Flugbegleiterin-200x99.jpg 200w, https:\/\/www.brettl.at\/wp-content\/uploads\/2022\/10\/Flugbegleiterin-300x149.jpg 300w, https:\/\/www.brettl.at\/wp-content\/uploads\/2022\/10\/Flugbegleiterin-400x198.jpg 400w, https:\/\/www.brettl.at\/wp-content\/uploads\/2022\/10\/Flugbegleiterin-600x297.jpg 600w, https:\/\/www.brettl.at\/wp-content\/uploads\/2022\/10\/Flugbegleiterin.jpg 640w\" sizes=\"(max-width: 300px) 100vw, 300px\" \/><\/a>Burgenl\u00e4ndischen Handelskammer:<br \/>\n\u201eSehr geehrter Herr Pr\u00e4sident!<br \/>\nIm Juni beendete ich meine Schulausbildung mit Maturaabschlu\u00df in der Handelsakademie Neusiedl. Aufgrund dessen habe ich mich bei der Fluggesellschaft Wien und auch bei der Austrian Airlines als B\u00fcrokraft, Bodenpersonal oder Begleitperson beworben. Leider wurde meine Bewerbung abgelehnt, mit der Begr\u00fcndung im Moment w\u00e4re kein Bedarf, mein Schreiben werde aber in Evidenz gehalten. Von der AUA habe ich bis jetzt keine Antwort erhalten.<br \/>\nIch m\u00f6chte Sie daher h\u00f6flichst bitten, f\u00fcr mich beim Personalb\u00fcro der Fluggesellschaft vorzusprechen, ob nicht vielleicht doch eine Stellung frei w\u00e4re. Ich w\u00e4re Ihnen sehr dankbar, wenn Sie meine Bitte erf\u00fcllten und w\u00fcrde mich, falls mir die M\u00f6glichkeit gegeben wird, bestimmt bew\u00e4hren.<br \/>\nHochachtungsvoll Frau X\u201c<br \/>\n(Archiv der Wirtschaftskammer. Korrespondenz 1984)<\/p>\n<\/div><\/div><\/div><\/div><\/div>\n","protected":false},"excerpt":{"rendered":"<p>\u2026 so werden vielfach Bewerbungsschreiben beantwortet. Auch die Bewerbungen von Frau X enthielten diese Floskel. <\/p>\n","protected":false},"author":3,"featured_media":3823,"comment_status":"open","ping_status":"open","sticky":false,"template":"","format":"standard","meta":{"footnotes":""},"categories":[284,61],"tags":[44],"class_list":["post-3822","post","type-post","status-publish","format-standard","has-post-thumbnail","hentry","category-284","category-wirtschaft","tag-podersdorf"],"_links":{"self":[{"href":"https:\/\/www.brettl.at\/blog\/wp-json\/wp\/v2\/posts\/3822","targetHints":{"allow":["GET"]}}],"collection":[{"href":"https:\/\/www.brettl.at\/blog\/wp-json\/wp\/v2\/posts"}],"about":[{"href":"https:\/\/www.brettl.at\/blog\/wp-json\/wp\/v2\/types\/post"}],"author":[{"embeddable":true,"href":"https:\/\/www.brettl.at\/blog\/wp-json\/wp\/v2\/users\/3"}],"replies":[{"embeddable":true,"href":"https:\/\/www.brettl.at\/blog\/wp-json\/wp\/v2\/comments?post=3822"}],"version-history":[{"count":3,"href":"https:\/\/www.brettl.at\/blog\/wp-json\/wp\/v2\/posts\/3822\/revisions"}],"predecessor-version":[{"id":4786,"href":"https:\/\/www.brettl.at\/blog\/wp-json\/wp\/v2\/posts\/3822\/revisions\/4786"}],"wp:featuredmedia":[{"embeddable":true,"href":"https:\/\/www.brettl.at\/blog\/wp-json\/wp\/v2\/media\/3823"}],"wp:attachment":[{"href":"https:\/\/www.brettl.at\/blog\/wp-json\/wp\/v2\/media?parent=3822"}],"wp:term":[{"taxonomy":"category","embeddable":true,"href":"https:\/\/www.brettl.at\/blog\/wp-json\/wp\/v2\/categories?post=3822"},{"taxonomy":"post_tag","embeddable":true,"href":"https:\/\/www.brettl.at\/blog\/wp-json\/wp\/v2\/tags?post=3822"}],"curies":[{"name":"wp","href":"https:\/\/api.w.org\/{rel}","templated":true}]}}