{"id":3826,"date":"2022-10-25T21:21:54","date_gmt":"2022-10-25T19:21:54","guid":{"rendered":"https:\/\/www.brettl.at\/blog\/?p=3826"},"modified":"2024-09-02T18:22:34","modified_gmt":"2024-09-02T16:22:34","slug":"warf-ein-jeder-soldat-sein-gewehr-weg-und-somit-war-der-ganze-krieg-zu-ende","status":"publish","type":"post","link":"https:\/\/www.brettl.at\/blog\/warf-ein-jeder-soldat-sein-gewehr-weg-und-somit-war-der-ganze-krieg-zu-ende\/","title":{"rendered":"&#8220;Warf ein jeder Soldat sein Gewehr weg und somit war der ganze Krieg zu Ende&#8221;"},"content":{"rendered":"<div class=\"fusion-fullwidth fullwidth-box fusion-builder-row-1 fusion-flex-container nonhundred-percent-fullwidth non-hundred-percent-height-scrolling\" style=\"--awb-border-radius-top-left:0px;--awb-border-radius-top-right:0px;--awb-border-radius-bottom-right:0px;--awb-border-radius-bottom-left:0px;--awb-flex-wrap:wrap;\" ><div class=\"fusion-builder-row fusion-row fusion-flex-align-items-flex-start fusion-flex-content-wrap\" style=\"max-width:1100.32px;margin-left: calc(-4% \/ 2 );margin-right: calc(-4% \/ 2 );\"><div class=\"fusion-layout-column fusion_builder_column fusion-builder-column-0 fusion_builder_column_1_1 1_1 fusion-flex-column\" style=\"--awb-bg-size:cover;--awb-width-large:100%;--awb-margin-top-large:0px;--awb-spacing-right-large:1.92%;--awb-margin-bottom-large:0px;--awb-spacing-left-large:1.92%;--awb-width-medium:100%;--awb-spacing-right-medium:1.92%;--awb-spacing-left-medium:1.92%;--awb-width-small:100%;--awb-spacing-right-small:1.92%;--awb-spacing-left-small:1.92%;\"><div class=\"fusion-column-wrapper fusion-flex-justify-content-flex-start fusion-content-layout-column\"><div class=\"fusion-text fusion-text-1\"><p>Das Tagebuch des Schusters Franz Pinter aus M\u00fcllendorf gibt Einblick, wie ein einfacher \u201eBurgenl\u00e4nder\u201c den Ersten Weltkrieg miterlebte und diesen auch kommentierte:<br \/>\n<a href=\"https:\/\/www.brettl.at\/wp-content\/uploads\/2022\/10\/Screenshot-1495-Kopie.png\"><img decoding=\"async\" class=\"alignleft size-medium wp-image-3827\" src=\"https:\/\/www.brettl.at\/wp-content\/uploads\/2022\/10\/Screenshot-1495-Kopie-300x138.png\" alt=\"\" width=\"300\" height=\"138\" srcset=\"https:\/\/www.brettl.at\/wp-content\/uploads\/2022\/10\/Screenshot-1495-Kopie-200x92.png 200w, https:\/\/www.brettl.at\/wp-content\/uploads\/2022\/10\/Screenshot-1495-Kopie-300x138.png 300w, https:\/\/www.brettl.at\/wp-content\/uploads\/2022\/10\/Screenshot-1495-Kopie-400x184.png 400w, https:\/\/www.brettl.at\/wp-content\/uploads\/2022\/10\/Screenshot-1495-Kopie.png 514w\" sizes=\"(max-width: 300px) 100vw, 300px\" \/><\/a>\u201e[\u2026] Im Jahre 1914 den 1. August war die gro\u00dfe Mobilisierung in \u00d6sterreich-Ungarn und Deutschland. Es begann ein Weltkrieg mit unseren Feinden Russland, England, Frankreich, Belgien, Monaco, Serbien und Montenegro.<br \/>\nDezember 1914. Der Krieg dauert an. Die T\u00fcrkei kommt uns zu Hilfe!<br \/>\nIm Jahr 1915 im M\u00e4rz haben wir geheiratet in Mitte der Fastenzeit und w\u00e4hrend des heftigen Krieges. [\u2026]\nAm 23. Mai 1915 Pfingstsonntag erkl\u00e4rte unser Bundesgenosse Italien uns den Krieg.<br \/>\nAm 16. Juni 1915 ging beim Akerl Lorenz Feuer auf und innerhalb 2 Stunden waren 128 H\u00e4user verbrannt.<br \/>\nEinger\u00fcckt und 2mal gemustert wurde ich am 17. J\u00e4nner 1916. Auf Urlaub bin ich jetzt das 3.mal \u00e1 3 Wochen am 26. XI.1916.<br \/>\nAugust 1916. Rum\u00e4nien greift gegen uns in den Krieg ein.<br \/>\nDie Glocken vom Kirchturm r\u00fccken in den Krieg als Kanonen am 21. November 1916 ein. Unser Kaiser Franz Josef gestorben.<br \/>\nAm 20. M\u00e4rz 1917 bin ich ins Feld nach Rum\u00e4nien gegangen.<br \/>\nAm 6. Feber 1918 unser Sohn Franz gestorben. 4 Jahre alt.<br \/>\nAm 5. Juni 1918 komm ich auf Urlaub von Odessa, Russland bis heute 25.VI.1918. [\u2026]\nSeptember 1918 fuhr ich heim vom Neu Sandez aus dem Malariaspital und blieb daheim ohne das jemand was wusste bis der Krieg zu Ende war.<br \/>\nAm 1. November 1918 Allerheiligentag warf ein jeder Soldat sein Gewehr weg und somit war der ganze Krieg zu Ende. [\u2026]\u201c<br \/>\n(Der Text wurde ein wenig orthographisch angepasst. Sammlung Fritz Ringhofer, Danke an Stefan Schinkovits f\u00fcr den Hinweis)<\/p>\n<\/div><\/div><\/div><\/div><\/div>\n","protected":false},"excerpt":{"rendered":"<p>Das Tagebuch des Schusters Franz Pinter aus M\u00fcllendorf gibt Einblick, wie ein einfacher \u201eBurgenl\u00e4nder\u201c &#8230;<\/p>\n","protected":false},"author":3,"featured_media":3827,"comment_status":"open","ping_status":"open","sticky":false,"template":"","format":"standard","meta":{"footnotes":""},"categories":[284,21],"tags":[256],"class_list":["post-3826","post","type-post","status-publish","format-standard","has-post-thumbnail","hentry","category-284","category-i-weltkrieg","tag-muellendorf"],"_links":{"self":[{"href":"https:\/\/www.brettl.at\/blog\/wp-json\/wp\/v2\/posts\/3826","targetHints":{"allow":["GET"]}}],"collection":[{"href":"https:\/\/www.brettl.at\/blog\/wp-json\/wp\/v2\/posts"}],"about":[{"href":"https:\/\/www.brettl.at\/blog\/wp-json\/wp\/v2\/types\/post"}],"author":[{"embeddable":true,"href":"https:\/\/www.brettl.at\/blog\/wp-json\/wp\/v2\/users\/3"}],"replies":[{"embeddable":true,"href":"https:\/\/www.brettl.at\/blog\/wp-json\/wp\/v2\/comments?post=3826"}],"version-history":[{"count":3,"href":"https:\/\/www.brettl.at\/blog\/wp-json\/wp\/v2\/posts\/3826\/revisions"}],"predecessor-version":[{"id":4785,"href":"https:\/\/www.brettl.at\/blog\/wp-json\/wp\/v2\/posts\/3826\/revisions\/4785"}],"wp:featuredmedia":[{"embeddable":true,"href":"https:\/\/www.brettl.at\/blog\/wp-json\/wp\/v2\/media\/3827"}],"wp:attachment":[{"href":"https:\/\/www.brettl.at\/blog\/wp-json\/wp\/v2\/media?parent=3826"}],"wp:term":[{"taxonomy":"category","embeddable":true,"href":"https:\/\/www.brettl.at\/blog\/wp-json\/wp\/v2\/categories?post=3826"},{"taxonomy":"post_tag","embeddable":true,"href":"https:\/\/www.brettl.at\/blog\/wp-json\/wp\/v2\/tags?post=3826"}],"curies":[{"name":"wp","href":"https:\/\/api.w.org\/{rel}","templated":true}]}}