{"id":3835,"date":"2022-11-05T17:01:20","date_gmt":"2022-11-05T16:01:20","guid":{"rendered":"https:\/\/www.brettl.at\/blog\/?p=3835"},"modified":"2024-09-02T18:22:23","modified_gmt":"2024-09-02T16:22:23","slug":"15-autos-aus-japan-im-land","status":"publish","type":"post","link":"https:\/\/www.brettl.at\/blog\/15-autos-aus-japan-im-land\/","title":{"rendered":"15 Autos aus Japan im Land"},"content":{"rendered":"<div class=\"fusion-fullwidth fullwidth-box fusion-builder-row-1 fusion-flex-container nonhundred-percent-fullwidth non-hundred-percent-height-scrolling\" style=\"--awb-border-radius-top-left:0px;--awb-border-radius-top-right:0px;--awb-border-radius-bottom-right:0px;--awb-border-radius-bottom-left:0px;--awb-flex-wrap:wrap;\" ><div class=\"fusion-builder-row fusion-row fusion-flex-align-items-flex-start fusion-flex-content-wrap\" style=\"max-width:1100.32px;margin-left: calc(-4% \/ 2 );margin-right: calc(-4% \/ 2 );\"><div class=\"fusion-layout-column fusion_builder_column fusion-builder-column-0 fusion_builder_column_1_1 1_1 fusion-flex-column\" style=\"--awb-bg-size:cover;--awb-width-large:100%;--awb-margin-top-large:0px;--awb-spacing-right-large:1.92%;--awb-margin-bottom-large:0px;--awb-spacing-left-large:1.92%;--awb-width-medium:100%;--awb-spacing-right-medium:1.92%;--awb-spacing-left-medium:1.92%;--awb-width-small:100%;--awb-spacing-right-small:1.92%;--awb-spacing-left-small:1.92%;\"><div class=\"fusion-column-wrapper fusion-flex-justify-content-flex-start fusion-content-layout-column\"><div class=\"fusion-text fusion-text-1\"><p>Die Mobilisierung der Burgenl\u00e4nder nimmt immer weiter zu. Immer mehr Autos werden im Burgenland gez\u00e4hlt. Doch welche Autotypen bevorzugt der stolze Autobesitzer bzw. aus welchem Land werden diese geliefert? Ein Artikel der BF vom Feber 1972 gibt dazu eine Antwort:<br \/>\n<a href=\"https:\/\/www.brettl.at\/wp-content\/uploads\/2022\/11\/Screenshot-2129.jpg\"><img decoding=\"async\" class=\"alignleft size-medium wp-image-3837\" src=\"https:\/\/www.brettl.at\/wp-content\/uploads\/2022\/11\/Screenshot-2129-300x158.jpg\" alt=\"\" width=\"300\" height=\"158\" srcset=\"https:\/\/www.brettl.at\/wp-content\/uploads\/2022\/11\/Screenshot-2129-200x105.jpg 200w, https:\/\/www.brettl.at\/wp-content\/uploads\/2022\/11\/Screenshot-2129-300x158.jpg 300w, https:\/\/www.brettl.at\/wp-content\/uploads\/2022\/11\/Screenshot-2129-400x211.jpg 400w, https:\/\/www.brettl.at\/wp-content\/uploads\/2022\/11\/Screenshot-2129-600x316.jpg 600w, https:\/\/www.brettl.at\/wp-content\/uploads\/2022\/11\/Screenshot-2129-768x405.jpg 768w, https:\/\/www.brettl.at\/wp-content\/uploads\/2022\/11\/Screenshot-2129-800x422.jpg 800w, https:\/\/www.brettl.at\/wp-content\/uploads\/2022\/11\/Screenshot-2129.jpg 804w\" sizes=\"(max-width: 300px) 100vw, 300px\" \/><\/a>\u201eDie meisten Pkw, die im Burgenland am 1. J\u00e4nner 1971 angemeldet waren, kommen aus der Bundesrepublik Deutschland: Es sind 18.174 Personenautos und 3910 Kombikraftwagen.\u00a0Bei den Pkw f\u00fchrt VW mit 9338 Einheiten vor Opel (3724), Ford (2491), Mercedes (1587), DKW (318), NSU (256), BMW (190) und Audi (158).\u00a0Die zweitst\u00e4rkste Gruppe stellt Gro\u00dfbritannien mit 3126 Pkw und 286 Kombis. Hier liegt Ford mit 2344 Einheiten klar an der Spitze, gefolgt von Austin (270), Morris (184), Vauxhall (182) und Sunbeam (42).\u00a0Franzosen haben 2302 Pkw und 843 Kombis ins Burgenland geliefert. Peugeot hat mit 916 Pkw Renault (835) \u00fcberholt. Auf den Pl\u00e4tzen folgen Simca (396) und Citroen (153). Beim starken Kombi-Kontingent liegt Renault mit 553 St\u00fcck klar vor Peugeot (215) und Citroen (40).<br \/>\nAus \u00d6sterreich laufen im Burgenland 1056 Pkw und 203 Kombis. Bei den Pkw sind es 760 Steyr-Puch und 292 Steyr-Fiat.\u00a0Das n\u00e4chste Kontingent stammt aus Italien: 930 Pkw und 84 Kombiautos. 895 Pkw kommen aus der Fiat-Fabrik, 34 von Alfa Romeo.\u00a0Aus der Tschechoslowakei kommen 488 Skoda-Kraftfahrzeuge. Schweden holt auf und hat derzeit 220 Volvos im Burgenland. Den Wettstreit der Gro\u00dfm\u00e4chte haben 1971 die USA mit 69 Kraftfahrzeugen vor der Sowjetunion mit 65 Autos knapp gewonnen. Japan, das jetzt mittlerweile mit den Autos von Mazda und Toyota im Burgenland immer mehr Fu\u00df fa\u00dft, war am 1. J\u00e4nner 1971 erst mit f\u00fcnfzehn Pkw vertreten.\u201c<br \/>\n(BF vom 24.2.1972)<\/p>\n<\/div><\/div><\/div><\/div><\/div>\n","protected":false},"excerpt":{"rendered":"<p>Die Mobilisierung der Burgenl\u00e4nder nimmt immer weiter zu. Immer mehr Autos werden im Burgenland gez\u00e4hlt.<\/p>\n","protected":false},"author":3,"featured_media":3837,"comment_status":"open","ping_status":"open","sticky":false,"template":"","format":"standard","meta":{"footnotes":""},"categories":[284,61],"tags":[],"class_list":["post-3835","post","type-post","status-publish","format-standard","has-post-thumbnail","hentry","category-284","category-wirtschaft"],"_links":{"self":[{"href":"https:\/\/www.brettl.at\/blog\/wp-json\/wp\/v2\/posts\/3835","targetHints":{"allow":["GET"]}}],"collection":[{"href":"https:\/\/www.brettl.at\/blog\/wp-json\/wp\/v2\/posts"}],"about":[{"href":"https:\/\/www.brettl.at\/blog\/wp-json\/wp\/v2\/types\/post"}],"author":[{"embeddable":true,"href":"https:\/\/www.brettl.at\/blog\/wp-json\/wp\/v2\/users\/3"}],"replies":[{"embeddable":true,"href":"https:\/\/www.brettl.at\/blog\/wp-json\/wp\/v2\/comments?post=3835"}],"version-history":[{"count":3,"href":"https:\/\/www.brettl.at\/blog\/wp-json\/wp\/v2\/posts\/3835\/revisions"}],"predecessor-version":[{"id":4783,"href":"https:\/\/www.brettl.at\/blog\/wp-json\/wp\/v2\/posts\/3835\/revisions\/4783"}],"wp:featuredmedia":[{"embeddable":true,"href":"https:\/\/www.brettl.at\/blog\/wp-json\/wp\/v2\/media\/3837"}],"wp:attachment":[{"href":"https:\/\/www.brettl.at\/blog\/wp-json\/wp\/v2\/media?parent=3835"}],"wp:term":[{"taxonomy":"category","embeddable":true,"href":"https:\/\/www.brettl.at\/blog\/wp-json\/wp\/v2\/categories?post=3835"},{"taxonomy":"post_tag","embeddable":true,"href":"https:\/\/www.brettl.at\/blog\/wp-json\/wp\/v2\/tags?post=3835"}],"curies":[{"name":"wp","href":"https:\/\/api.w.org\/{rel}","templated":true}]}}