{"id":3845,"date":"2022-11-18T14:21:51","date_gmt":"2022-11-18T13:21:51","guid":{"rendered":"https:\/\/www.brettl.at\/blog\/?p=3845"},"modified":"2024-09-02T18:22:12","modified_gmt":"2024-09-02T16:22:12","slug":"schulbesuchsverbot-fuer-juedische-kinder","status":"publish","type":"post","link":"https:\/\/www.brettl.at\/blog\/schulbesuchsverbot-fuer-juedische-kinder\/","title":{"rendered":"Schulbesuchsverbot f\u00fcr j\u00fcdische Kinder"},"content":{"rendered":"<div class=\"fusion-fullwidth fullwidth-box fusion-builder-row-1 fusion-flex-container nonhundred-percent-fullwidth non-hundred-percent-height-scrolling\" style=\"--awb-border-radius-top-left:0px;--awb-border-radius-top-right:0px;--awb-border-radius-bottom-right:0px;--awb-border-radius-bottom-left:0px;--awb-flex-wrap:wrap;\" ><div class=\"fusion-builder-row fusion-row fusion-flex-align-items-flex-start fusion-flex-content-wrap\" style=\"max-width:1100.32px;margin-left: calc(-4% \/ 2 );margin-right: calc(-4% \/ 2 );\"><div class=\"fusion-layout-column fusion_builder_column fusion-builder-column-0 fusion_builder_column_1_1 1_1 fusion-flex-column\" style=\"--awb-bg-size:cover;--awb-width-large:100%;--awb-margin-top-large:0px;--awb-spacing-right-large:1.92%;--awb-margin-bottom-large:0px;--awb-spacing-left-large:1.92%;--awb-width-medium:100%;--awb-spacing-right-medium:1.92%;--awb-spacing-left-medium:1.92%;--awb-width-small:100%;--awb-spacing-right-small:1.92%;--awb-spacing-left-small:1.92%;\"><div class=\"fusion-column-wrapper fusion-flex-justify-content-flex-start fusion-content-layout-column\"><div class=\"fusion-text fusion-text-1\"><p>In beinahe allen j\u00fcdischen Gemeinden des Burgenlandes fand man vor der NS-Macht\u00fcbernahme j\u00fcdische Volksschulen. J\u00fcdische Sch\u00fcler, in deren D\u00f6rfern es keine j\u00fcdische Schule gab, gingen in die \u00f6rtliche christliche Schule. Verm\u00f6gende und weniger religi\u00f6s eingestellte j\u00fcdische Familien erm\u00f6glichten ihren Kindern, vor allem den Buben, eine h\u00f6here Schulbildung au\u00dferhalb der kleinen burgenl\u00e4ndischen D\u00f6rfer. Die Jungen besuchten entweder das Gymnasium in Eisenstadt oder Mattersburg, die Hauptschulen in den Bezirksorten oder eine h\u00f6here Schule in Wien oder Ungarn. Nach der Macht\u00fcbernahme der Nationalsozialisten 1938 mussten die burgenl\u00e4ndischen j\u00fcdischen Volksschulen nach der Vertreibung der Bev\u00f6lkerung geschlossen werden und die j\u00fcdischen Sch\u00fcler und Studenten, die an h\u00f6heren Schulen lernten, wurden im M\u00e4rz\/April 1938 aus den Schulen verwiesen. Die nationalsozialistische \u201eGrenzmark Zeitung\u201c des Burgenlandes berichtete im November 1938 in rassistisch-antisemitischem Wortlaut:<br \/>\n<a href=\"https:\/\/www.brettl.at\/wp-content\/uploads\/2022\/11\/DSC_2279.jpg\"><img decoding=\"async\" class=\"alignleft size-medium wp-image-3846\" src=\"https:\/\/www.brettl.at\/wp-content\/uploads\/2022\/11\/DSC_2279-300x146.jpg\" alt=\"\" width=\"300\" height=\"146\" srcset=\"https:\/\/www.brettl.at\/wp-content\/uploads\/2022\/11\/DSC_2279-200x98.jpg 200w, https:\/\/www.brettl.at\/wp-content\/uploads\/2022\/11\/DSC_2279-300x146.jpg 300w, https:\/\/www.brettl.at\/wp-content\/uploads\/2022\/11\/DSC_2279-400x195.jpg 400w, https:\/\/www.brettl.at\/wp-content\/uploads\/2022\/11\/DSC_2279.jpg 508w\" sizes=\"(max-width: 300px) 100vw, 300px\" \/><\/a>\u201eWeitere Ma\u00dfnahmen gegen die Juden<br \/>\nReichserziehungsminister Rust [\u2026] hat [\u2026] mit sofortiger Wirkung eine Anordnung erlassen, laut welcher Juden der Besuch deutscher Schulen nicht gestattet ist. Sie d\u00fcrfen nur in j\u00fcdischen Schulen ihren Unterricht erhalten.<br \/>\nEin Gesetzesentwurf, wonach kein Jude mehr zum Studium an deutschen Hochschulen zugelassen wird, ist in Vorbereitung. Es versteht sich wohl von selbst, da\u00df nach dem Verbrechen von Paris an keinen deutschen Lehrer das Ansinnen gestellt werden kann, Judenbengeln Unterricht zu erteilen. Auch k\u00f6nnen f\u00fcrderhin deutsche Sch\u00fcler nicht mehr mit den Spr\u00f6\u00dflingen der verha\u00dften Parasiten in einem Klassenraum weilen. Nun werden endlich Lehrer sowie Lernende vor den Provokationen der Eindringlinge befreit sein. Die Judenkinder aber brauchen ihrerseits nicht mehr Tr\u00e4nen der Wut vergie\u00dfen, wenn ihrem Volke von deutschen Lehrern eine der Wahrheit dienende W\u00fcrdigung zuteil wird.<br \/>\nDie Hochschulen jedoch k\u00f6nnen durch die Anordnung des Reichserziehungsministers wieder ausschlie\u00dflich St\u00e4tten des Idealismus sein und werden keinen Fremdling mehr Gelegenheit zur Vorbereitung schmutziger Gesch\u00e4fte geben\u201c (Grenzmark-Zeitung, 20. November 1938. S. 2)<\/p>\n<\/div><\/div><\/div><\/div><\/div>\n","protected":false},"excerpt":{"rendered":"<p>In beinahe allen j\u00fcdischen Gemeinden des Burgenlandes fand man vor der NS-Macht\u00fcbernahme j\u00fcdische Volksschulen. <\/p>\n","protected":false},"author":3,"featured_media":3846,"comment_status":"open","ping_status":"open","sticky":false,"template":"","format":"standard","meta":{"footnotes":""},"categories":[284,29,48],"tags":[],"class_list":["post-3845","post","type-post","status-publish","format-standard","has-post-thumbnail","hentry","category-284","category-judentum","category-nationalsozialismus"],"_links":{"self":[{"href":"https:\/\/www.brettl.at\/blog\/wp-json\/wp\/v2\/posts\/3845","targetHints":{"allow":["GET"]}}],"collection":[{"href":"https:\/\/www.brettl.at\/blog\/wp-json\/wp\/v2\/posts"}],"about":[{"href":"https:\/\/www.brettl.at\/blog\/wp-json\/wp\/v2\/types\/post"}],"author":[{"embeddable":true,"href":"https:\/\/www.brettl.at\/blog\/wp-json\/wp\/v2\/users\/3"}],"replies":[{"embeddable":true,"href":"https:\/\/www.brettl.at\/blog\/wp-json\/wp\/v2\/comments?post=3845"}],"version-history":[{"count":3,"href":"https:\/\/www.brettl.at\/blog\/wp-json\/wp\/v2\/posts\/3845\/revisions"}],"predecessor-version":[{"id":4781,"href":"https:\/\/www.brettl.at\/blog\/wp-json\/wp\/v2\/posts\/3845\/revisions\/4781"}],"wp:featuredmedia":[{"embeddable":true,"href":"https:\/\/www.brettl.at\/blog\/wp-json\/wp\/v2\/media\/3846"}],"wp:attachment":[{"href":"https:\/\/www.brettl.at\/blog\/wp-json\/wp\/v2\/media?parent=3845"}],"wp:term":[{"taxonomy":"category","embeddable":true,"href":"https:\/\/www.brettl.at\/blog\/wp-json\/wp\/v2\/categories?post=3845"},{"taxonomy":"post_tag","embeddable":true,"href":"https:\/\/www.brettl.at\/blog\/wp-json\/wp\/v2\/tags?post=3845"}],"curies":[{"name":"wp","href":"https:\/\/api.w.org\/{rel}","templated":true}]}}