{"id":3867,"date":"2022-12-17T08:46:33","date_gmt":"2022-12-17T07:46:33","guid":{"rendered":"https:\/\/www.brettl.at\/blog\/?p=3867"},"modified":"2024-09-02T18:21:45","modified_gmt":"2024-09-02T16:21:45","slug":"im-zimmer-haengt-ein-bild-vom-burgenland","status":"publish","type":"post","link":"https:\/\/www.brettl.at\/blog\/im-zimmer-haengt-ein-bild-vom-burgenland\/","title":{"rendered":"Im Zimmer h\u00e4ngt ein Bild vom Burgenland"},"content":{"rendered":"<div class=\"fusion-fullwidth fullwidth-box fusion-builder-row-1 fusion-flex-container nonhundred-percent-fullwidth non-hundred-percent-height-scrolling\" style=\"--awb-border-radius-top-left:0px;--awb-border-radius-top-right:0px;--awb-border-radius-bottom-right:0px;--awb-border-radius-bottom-left:0px;--awb-flex-wrap:wrap;\" ><div class=\"fusion-builder-row fusion-row fusion-flex-align-items-flex-start fusion-flex-content-wrap\" style=\"max-width:1100.32px;margin-left: calc(-4% \/ 2 );margin-right: calc(-4% \/ 2 );\"><div class=\"fusion-layout-column fusion_builder_column fusion-builder-column-0 fusion_builder_column_1_1 1_1 fusion-flex-column\" style=\"--awb-bg-size:cover;--awb-width-large:100%;--awb-margin-top-large:0px;--awb-spacing-right-large:1.92%;--awb-margin-bottom-large:0px;--awb-spacing-left-large:1.92%;--awb-width-medium:100%;--awb-spacing-right-medium:1.92%;--awb-spacing-left-medium:1.92%;--awb-width-small:100%;--awb-spacing-right-small:1.92%;--awb-spacing-left-small:1.92%;\"><div class=\"fusion-column-wrapper fusion-flex-justify-content-flex-start fusion-content-layout-column\"><div class=\"fusion-text fusion-text-1\"><p>Georg, jetzt George, Steiner verlie\u00df seinen Heimatort Neud\u00f6rfl und lie\u00df sich in Hamilton\/USA nieder. Seine Heimat, das Burgenland, hat der nun 89-J\u00e4hrige jedoch auch nach 65-j\u00e4hriger Abwesenheit nicht vergessen. 1980 schrieb er der Redaktion der BF einen Brief:<br \/>\n<a href=\"https:\/\/www.brettl.at\/wp-content\/uploads\/2022\/12\/Joe-Steiner.png\"><img decoding=\"async\" class=\"alignleft size-medium wp-image-3868\" src=\"https:\/\/www.brettl.at\/wp-content\/uploads\/2022\/12\/Joe-Steiner-300x238.png\" alt=\"\" width=\"300\" height=\"238\" srcset=\"https:\/\/www.brettl.at\/wp-content\/uploads\/2022\/12\/Joe-Steiner-200x159.png 200w, https:\/\/www.brettl.at\/wp-content\/uploads\/2022\/12\/Joe-Steiner-300x238.png 300w, https:\/\/www.brettl.at\/wp-content\/uploads\/2022\/12\/Joe-Steiner-400x317.png 400w, https:\/\/www.brettl.at\/wp-content\/uploads\/2022\/12\/Joe-Steiner.png 594w\" sizes=\"(max-width: 300px) 100vw, 300px\" \/><\/a>\u201eEs tut mir leid, da\u00df ich so sp\u00e4t ihrer Einladung etwas \u00fcber mich und meiner Heimat zu schreiben nachkomme. [\u2026] Ich hoffe, da\u00df Sie etwas von den folgenden Zeilen finden, das Sie interessieren kann. In meinem Gastzimmer h\u00e4ngt ein gro\u00dfes, sehr sch\u00f6nes Bild. Es ist eine Nadelarbeit, aus Wolle mit verschiedenen Farben. Eine teure Jugendfreundin, die verstorbene Adelheid Hutter (Neud\u00f6rfl), hat diese Arbeit als Geschenk f\u00fcr mich gemacht, als ich schon \u00fcber 50 Jahre von der alten Heimat fort war. Das Bild zeigt eine sehr sch\u00f6ne Landschaft von Burgenland, wie ich sie noch in Erinnerung habe. \u00dcber dem Bild, mit gro\u00dfen, goldenen Buchstaben, ist geschrieben: \u201aVergiss Deine Heimat nicht.\u2018 [\u2026]\nWas mich anbelangt, bin ich 1914 aus Neud\u00f6rfl nach Amerika gezogen, aber nicht davongelaufen, als das Vaterland M\u00e4nner brauchte. Ich war damals nierenkrank und daher f\u00fcr den milit\u00e4rischen Dienst untauglich. So war es mir erlaubt zu gehen. Ich war Mitglied der Freiwilligen Feuerwehr und Gesangsverein. Ich bin nun 89 Jahre alt und da ich schon \u00fcber 64 Jahre von der Heimat fort bin, habe ich Zweifel, da\u00df sich jemand an mich noch erinnern wird.<br \/>\nGegenw\u00e4rtig schreibe ich ein Buch \u00fcber die W\u00fcnschelrute. Landwirt Hans Kemeter aus G\u00fcssing, dessen Bild mit einer W\u00fcnschelrute auf Wassersuche in der BF gebracht wurde, wird in meinem Buch einen Platz darin haben. Aber er wird nicht erfreut sein, was ich \u00fcber die W\u00fcnschelrute sage.\u201c<br \/>\n(BF vom 16. April 1980, S. 40)<\/p>\n<\/div><\/div><\/div><\/div><\/div>\n","protected":false},"excerpt":{"rendered":"<p>Georg, jetzt George, Steiner verlie\u00df seinen Heimatort Neud\u00f6rfl und lie\u00df sich in Hamilton\/USA nieder. <\/p>\n","protected":false},"author":3,"featured_media":3868,"comment_status":"open","ping_status":"open","sticky":false,"template":"","format":"standard","meta":{"footnotes":""},"categories":[284,32],"tags":[188],"class_list":["post-3867","post","type-post","status-publish","format-standard","has-post-thumbnail","hentry","category-284","category-migration","tag-neudoerfl"],"_links":{"self":[{"href":"https:\/\/www.brettl.at\/blog\/wp-json\/wp\/v2\/posts\/3867","targetHints":{"allow":["GET"]}}],"collection":[{"href":"https:\/\/www.brettl.at\/blog\/wp-json\/wp\/v2\/posts"}],"about":[{"href":"https:\/\/www.brettl.at\/blog\/wp-json\/wp\/v2\/types\/post"}],"author":[{"embeddable":true,"href":"https:\/\/www.brettl.at\/blog\/wp-json\/wp\/v2\/users\/3"}],"replies":[{"embeddable":true,"href":"https:\/\/www.brettl.at\/blog\/wp-json\/wp\/v2\/comments?post=3867"}],"version-history":[{"count":3,"href":"https:\/\/www.brettl.at\/blog\/wp-json\/wp\/v2\/posts\/3867\/revisions"}],"predecessor-version":[{"id":4777,"href":"https:\/\/www.brettl.at\/blog\/wp-json\/wp\/v2\/posts\/3867\/revisions\/4777"}],"wp:featuredmedia":[{"embeddable":true,"href":"https:\/\/www.brettl.at\/blog\/wp-json\/wp\/v2\/media\/3868"}],"wp:attachment":[{"href":"https:\/\/www.brettl.at\/blog\/wp-json\/wp\/v2\/media?parent=3867"}],"wp:term":[{"taxonomy":"category","embeddable":true,"href":"https:\/\/www.brettl.at\/blog\/wp-json\/wp\/v2\/categories?post=3867"},{"taxonomy":"post_tag","embeddable":true,"href":"https:\/\/www.brettl.at\/blog\/wp-json\/wp\/v2\/tags?post=3867"}],"curies":[{"name":"wp","href":"https:\/\/api.w.org\/{rel}","templated":true}]}}