{"id":3883,"date":"2023-01-06T09:32:54","date_gmt":"2023-01-06T08:32:54","guid":{"rendered":"https:\/\/www.brettl.at\/blog\/?p=3883"},"modified":"2024-09-02T18:23:48","modified_gmt":"2024-09-02T16:23:48","slug":"schueler-aus-dem-eis-gerettet","status":"publish","type":"post","link":"https:\/\/www.brettl.at\/blog\/schueler-aus-dem-eis-gerettet\/","title":{"rendered":"Sch\u00fcler aus dem Eis gerettet"},"content":{"rendered":"<p>Der gefrorene Neusiedler See zieht so manchen Sportbegeisterten im Winter in seinen Bann &#8211; so auch eine Sch\u00fclergruppe 1925 aus Eisenstadt, deren Ausflug sich jedoch anders als erwartet entwickelte. Der Gendarmerieposten Rust berichtet \u00fcber die Rettungsaktion am 29. J\u00e4nner 1925 an das Landesgendarmeriekommando f\u00fcr das Burgenland in Sauerbrunn:<br \/>\n<a href=\"https:\/\/www.brettl.at\/wp-content\/uploads\/2023\/01\/Unbenannt-3a.jpg\"><img decoding=\"async\" class=\"alignleft size-medium wp-image-3884\" src=\"https:\/\/www.brettl.at\/wp-content\/uploads\/2023\/01\/Unbenannt-3a-300x245.jpg\" alt=\"\" width=\"300\" height=\"245\" srcset=\"https:\/\/www.brettl.at\/wp-content\/uploads\/2023\/01\/Unbenannt-3a-200x163.jpg 200w, https:\/\/www.brettl.at\/wp-content\/uploads\/2023\/01\/Unbenannt-3a-300x245.jpg 300w, https:\/\/www.brettl.at\/wp-content\/uploads\/2023\/01\/Unbenannt-3a-400x327.jpg 400w, https:\/\/www.brettl.at\/wp-content\/uploads\/2023\/01\/Unbenannt-3a-600x490.jpg 600w, https:\/\/www.brettl.at\/wp-content\/uploads\/2023\/01\/Unbenannt-3a.jpg 640w\" sizes=\"(max-width: 300px) 100vw, 300px\" \/><\/a>\u201eAm 28.d.M. unternahm der Lehrk\u00f6rper der Staatserziehungsanstalt Eisenstadt mit den gesamten Sch\u00fclern eine Schlittschuhwanderung \u00fcber den Neusiedlersee, und zwar in Gruppen mit verschiedenen Bestimmungsstationen. Ein Teil fuhr nach Neusiedl a\/S. und kam dort zur festgesetzten Zeit an, der gr\u00f6\u00dfte Teil, 79 Sch\u00fcler unter F\u00fchrung der Professoren Bittner und Soncsics nahmen die Richtung Purbach, von wo sie mittelst Bahn nach Eisenstadt zur\u00fcckfahren sollten.<br \/>\nDiese Gruppe kam weder in Purbach, noch in einer anderen Gemeinde an und wurden daher in der Nacht zum 29. von Eisenstadt aus durch den Versicherungsbeamten Kiss Falusi mittels Auto die Seegemeinde Oggau, Rust, Donnerskirchen, Purbach und Jois alarmiert.\u00a0Um 3 Uhr traf ein Major des selbst\u00e4ndigen Inf. Baons in Eisenstadt mit 20 Mann und mehreren Hornisten mittelst eines Lastautos in Rust ein. Hier wurden mit Unterst\u00fctzung der Feuerwehr am See ein Leuchtfeuer angez\u00fcndet und Hornisten unter Begleitung von mit Fackeln ausger\u00fcsteten Ortsbewohnern in den See gestellt, wo die Hornisten Hornsignale gaben.\u00a0Die Gemeinde M\u00f6rbisch wurde um 3 Uhr durch den hiesigen Posten alarmiert.\u00a0Um zirka 4 Uhr 30 Minuten traf ein 2. Lastauto mit Landesgerichtsrat Schindelka und Professor Strauch in Rust ein und fuhr, da \u00fcber die bereits erfolgte Auffindung der Gesuchten Nachricht eingelaufen war, nach Oggau.\u00a0In Oggau r\u00fcckte die Feuerwehr und eine Gruppe jugendlicher Schlittschuhl\u00e4ufer unter F\u00fchrung des Ingenieurs Franz Siess bereits um 2 Uhr in den See ab, wo gleichfalls mittelst Fackeln und Trompetensignale gegeben wurden. Ingenieur Franz Siess stie\u00df mit seiner Gruppe um zirka \u00bd 4 Uhr bei der Purbacher Furt auf die verirrte Sch\u00fclerabteilung, wo diese in K\u00e4hnen sitzend wohlbehalten den Anbruch des Tages abzuwarten beabsichtigten. Sie wurden zur Oggauer Fischerfurt gef\u00fchrt, von dort mittelst der beiden zur Verf\u00fcgung stehenden Lastautos in die Gemeinde Oggau und von hier nach Labung nach Eisenstadt gebracht. Die Sch\u00fcler von Donnerskirchen und Purbach wurden mittelst Wagen nach Hause bef\u00f6rdert.<br \/>\nNach Angabe des Professors Bittner traf die verirrte Gruppe um zirka 16 Uhr, wie planm\u00e4\u00dfig festgesetzt war, bei der Purbacher Furt ein, konnten jedoch nicht an Ufer gehen, da die Furt nicht gefroren war. Ein Zur\u00fcckfahren nach Oggau oder Rust war infolge eintretender Finsternis und der zahlreichen offenen Stellen im See nicht m\u00f6glich und so entschloss er sich, um kein Kind zu verlieren, den Tageseinbruch in den dort befindlichen K\u00e4hnen abzuwarten.<br \/>\nUngl\u00fccksf\u00e4lle haben sich keine ereignet.\u201c (BLA. Polizei 1925. 251-665. Zl. 257\/25)<\/p>\n<p>&nbsp;<\/p>\n","protected":false},"excerpt":{"rendered":"<p>Der gefrorene Neusiedler See zieht so manchen Sportbegeisterten im Winter in seinen Bann &#8230;<\/p>\n","protected":false},"author":3,"featured_media":3884,"comment_status":"open","ping_status":"open","sticky":false,"template":"","format":"standard","meta":{"footnotes":""},"categories":[285,67,26],"tags":[54,31,165,153,121,109],"class_list":["post-3883","post","type-post","status-publish","format-standard","has-post-thumbnail","hentry","category-285","category-fremdenverkehr","category-sport","tag-eisenstadt","tag-jois","tag-moerbisch","tag-oggau","tag-purbach","tag-rust"],"_links":{"self":[{"href":"https:\/\/www.brettl.at\/blog\/wp-json\/wp\/v2\/posts\/3883","targetHints":{"allow":["GET"]}}],"collection":[{"href":"https:\/\/www.brettl.at\/blog\/wp-json\/wp\/v2\/posts"}],"about":[{"href":"https:\/\/www.brettl.at\/blog\/wp-json\/wp\/v2\/types\/post"}],"author":[{"embeddable":true,"href":"https:\/\/www.brettl.at\/blog\/wp-json\/wp\/v2\/users\/3"}],"replies":[{"embeddable":true,"href":"https:\/\/www.brettl.at\/blog\/wp-json\/wp\/v2\/comments?post=3883"}],"version-history":[{"count":1,"href":"https:\/\/www.brettl.at\/blog\/wp-json\/wp\/v2\/posts\/3883\/revisions"}],"predecessor-version":[{"id":3885,"href":"https:\/\/www.brettl.at\/blog\/wp-json\/wp\/v2\/posts\/3883\/revisions\/3885"}],"wp:featuredmedia":[{"embeddable":true,"href":"https:\/\/www.brettl.at\/blog\/wp-json\/wp\/v2\/media\/3884"}],"wp:attachment":[{"href":"https:\/\/www.brettl.at\/blog\/wp-json\/wp\/v2\/media?parent=3883"}],"wp:term":[{"taxonomy":"category","embeddable":true,"href":"https:\/\/www.brettl.at\/blog\/wp-json\/wp\/v2\/categories?post=3883"},{"taxonomy":"post_tag","embeddable":true,"href":"https:\/\/www.brettl.at\/blog\/wp-json\/wp\/v2\/tags?post=3883"}],"curies":[{"name":"wp","href":"https:\/\/api.w.org\/{rel}","templated":true}]}}