{"id":396,"date":"2015-06-30T17:23:57","date_gmt":"2015-06-30T15:23:57","guid":{"rendered":"http:\/\/www.brettl.at\/blog\/?p=396"},"modified":"2024-09-02T16:27:50","modified_gmt":"2024-09-02T14:27:50","slug":"anschluss-an-oesterreich-gefordert","status":"publish","type":"post","link":"https:\/\/www.brettl.at\/blog\/anschluss-an-oesterreich-gefordert\/","title":{"rendered":"Anschluss an \u00d6sterreich gefordert"},"content":{"rendered":"<div class=\"fusion-fullwidth fullwidth-box fusion-builder-row-1 nonhundred-percent-fullwidth non-hundred-percent-height-scrolling\" style=\"--awb-background-position:left top;--awb-border-sizes-top:0px;--awb-border-sizes-bottom:0px;--awb-border-sizes-left:0px;--awb-border-sizes-right:0px;--awb-border-radius-top-left:0px;--awb-border-radius-top-right:0px;--awb-border-radius-bottom-right:0px;--awb-border-radius-bottom-left:0px;--awb-padding-top:20px;--awb-padding-right:0px;--awb-padding-bottom:20px;--awb-padding-left:0px;--awb-flex-wrap:wrap;\" ><div class=\"fusion-builder-row fusion-row\"><div class=\"fusion-layout-column fusion_builder_column fusion-builder-column-0 fusion_builder_column_1_1 1_1 fusion-one-full fusion-column-first fusion-column-last fusion-column-no-min-height\" style=\"--awb-bg-size:cover;--awb-margin-bottom:0px;\"><div class=\"fusion-column-wrapper fusion-flex-column-wrapper-legacy\"><div class=\"fusion-text fusion-text-1\"><p>Am Ende des Ersten Weltkrieges brach die \u00d6sterreichisch-Ungarische Monarchie zusammen. Das \u201eSelbstbestimmungsrecht der V\u00f6lker\u201c, vom amerikanischen Pr\u00e4sidenten Woodrow Wilson verk\u00fcndet, wurde auch von gro\u00dfen Teilen der Bev\u00f6lkerung Deutsch-Westungarns aufgegriffen.<br \/>\nSchon Anfang November 1918, bevor \u00d6sterreich seinen Anspruch auf Deutschwestungarn anmeldete, hatte sich im Lande selbst eine Bewegung gebildet, die eine echte Autonomie bzw. Angliederung an \u00d6sterreich forderte.<\/p>\n<div id=\"attachment_398\" style=\"width: 310px\" class=\"wp-caption alignleft\"><a href=\"http:\/\/www.brettl.at\/wp-content\/uploads\/2015\/06\/Museumsverein-Pinkafeld-Kopie.png\"><img decoding=\"async\" aria-describedby=\"caption-attachment-398\" class=\"size-medium wp-image-398\" src=\"http:\/\/www.brettl.at\/wp-content\/uploads\/2015\/06\/Museumsverein-Pinkafeld-Kopie-300x217.png\" alt=\"Propagandapostkarte.\" width=\"300\" height=\"217\" srcset=\"https:\/\/www.brettl.at\/wp-content\/uploads\/2015\/06\/Museumsverein-Pinkafeld-Kopie-300x217.png 300w, https:\/\/www.brettl.at\/wp-content\/uploads\/2015\/06\/Museumsverein-Pinkafeld-Kopie.png 801w\" sizes=\"(max-width: 300px) 100vw, 300px\" \/><\/a><p id=\"caption-attachment-398\" class=\"wp-caption-text\">Propagandapostkarte. \u00d6sterreichische Truppen vertreiben ungarische \u201eBanditen\u201c.<br \/>(Quelle: Museumsverein Pinkafeld)<\/p><\/div>\n<p>Am 11. November 1918, am Tag als Kaiser Karl I. auf die Staatsgesch\u00e4fte in \u00d6sterreich verzichtete, kam es in St. Margarethen zu einer Volksversammlung. Der dort ans\u00e4ssige Kaufmann Michael Unger brachte seinen Willen zum Anschluss an \u00d6sterreich dar: \u201e[\u2026] denn davon h\u00e4nge die Existenz und Zukunft dieser und der nachfolgenden Generationen ab, wie auch in der Vergangenheit nur die engen wirtschaftlichen und sozialen Beziehungen zum Nachbarland den Wohlstand in den St\u00e4dten und D\u00f6rfern Westungarns gebracht h\u00e4tten.&#8221; Zudem wurde ein Aufruf formuliert, der als Flugblatt verbreitet wurde:<em> \u201el<\/em>iebwerte Volksgenossen in Westungarn! Folget unserem Beispiel, gr\u00fcndet in jeder Gemeinde einen Volksrat und vergesset nicht, da\u00df ihr Deutsche seid. Und Ihr kroatischen Br\u00fcder in Westungarn, schlie\u00dfet Euch auch unserer Bewegung an, denn wir k\u00e4mpfen f\u00fcr unser Recht und unsere Existenz! &#8211; Das Pr\u00e4sidium: Mathias Kugler (Gastwirt und Grundbesitzer), Anton Pascher (Zimmermeister und Wirtschaftsbesitzer) und Michael Unger (Kaufmann und Wirtschaftsbesitzer)!\u201c<br \/>\n(Schlag Gerald, Aus Tr\u00fcmmern geboren \u2026 Burgenland 1918-1921, WAB Band 106. Eisenstadt 2001, S.121)<\/p>\n<\/div><div class=\"fusion-clearfix\"><\/div><\/div><\/div><\/div><\/div>\n","protected":false},"excerpt":{"rendered":"<p>Am Ende des Ersten Weltkrieges brach die \u00d6sterreichisch-Ungarische Monarchie zusammen. Das \u201eSelbstbestimmungsrecht der V\u00f6lker\u201c, vom amerikanischen Pr\u00e4sidenten Woodrow Wilson verk\u00fcndet, wurde auch von gro\u00dfen Teilen der Bev\u00f6lkerung Deutsch-Westungarns aufgegriffen. <\/p>\n","protected":false},"author":3,"featured_media":398,"comment_status":"open","ping_status":"open","sticky":false,"template":"","format":"standard","meta":{"footnotes":""},"categories":[276,38],"tags":[86],"class_list":["post-396","post","type-post","status-publish","format-standard","has-post-thumbnail","hentry","category-276","category-westungarn","tag-st-margarethen"],"_links":{"self":[{"href":"https:\/\/www.brettl.at\/blog\/wp-json\/wp\/v2\/posts\/396","targetHints":{"allow":["GET"]}}],"collection":[{"href":"https:\/\/www.brettl.at\/blog\/wp-json\/wp\/v2\/posts"}],"about":[{"href":"https:\/\/www.brettl.at\/blog\/wp-json\/wp\/v2\/types\/post"}],"author":[{"embeddable":true,"href":"https:\/\/www.brettl.at\/blog\/wp-json\/wp\/v2\/users\/3"}],"replies":[{"embeddable":true,"href":"https:\/\/www.brettl.at\/blog\/wp-json\/wp\/v2\/comments?post=396"}],"version-history":[{"count":5,"href":"https:\/\/www.brettl.at\/blog\/wp-json\/wp\/v2\/posts\/396\/revisions"}],"predecessor-version":[{"id":4352,"href":"https:\/\/www.brettl.at\/blog\/wp-json\/wp\/v2\/posts\/396\/revisions\/4352"}],"wp:featuredmedia":[{"embeddable":true,"href":"https:\/\/www.brettl.at\/blog\/wp-json\/wp\/v2\/media\/398"}],"wp:attachment":[{"href":"https:\/\/www.brettl.at\/blog\/wp-json\/wp\/v2\/media?parent=396"}],"wp:term":[{"taxonomy":"category","embeddable":true,"href":"https:\/\/www.brettl.at\/blog\/wp-json\/wp\/v2\/categories?post=396"},{"taxonomy":"post_tag","embeddable":true,"href":"https:\/\/www.brettl.at\/blog\/wp-json\/wp\/v2\/tags?post=396"}],"curies":[{"name":"wp","href":"https:\/\/api.w.org\/{rel}","templated":true}]}}