{"id":3977,"date":"2023-05-22T08:06:26","date_gmt":"2023-05-22T06:06:26","guid":{"rendered":"https:\/\/www.brettl.at\/blog\/?p=3977"},"modified":"2024-09-02T18:36:15","modified_gmt":"2024-09-02T16:36:15","slug":"wie-gedenken","status":"publish","type":"post","link":"https:\/\/www.brettl.at\/blog\/wie-gedenken\/","title":{"rendered":"Wie gedenken?"},"content":{"rendered":"<p>Karl Halaunbrenner, der j\u00fcdische Postenkommandant von Gro\u00dfpetersdorf, wurde bei der Macht\u00fcbernahme der Nationalsozialisten im M\u00e4rz 1938 verhaftet, im Kerker misshandelt, schlie\u00dflich in das KZ-Lager Dachau und sp\u00e4ter nach Buchenwald gebracht, wo er ermordet wurde. 60 Jahre sp\u00e4ter versuchte eine \u00fcberparteiliche Initiative, den ermordeten Widerstandsk\u00e4mpfern im Heimatort ein w\u00fcrdiges Gedenken zu erm\u00f6glichen. Dabei wurden die betroffenen B\u00fcrgermeister gebeten, den \u00f6rtlichen Opfern ein Erinnerungszeichen zu setzen. Der B\u00fcrgermeister von Gro\u00dfpetersdorf hatte bzgl. einer Zeichensetzung seine Zweifel und meinte in einem Antwortschreiben vom 14. Juli 1998:<br \/>\n<a href=\"https:\/\/www.brettl.at\/wp-content\/uploads\/2023\/05\/2009-Kopie.jpg\"><img decoding=\"async\" class=\"alignleft size-medium wp-image-3979\" src=\"https:\/\/www.brettl.at\/wp-content\/uploads\/2023\/05\/2009-Kopie-300x200.jpg\" alt=\"\" width=\"300\" height=\"200\" srcset=\"https:\/\/www.brettl.at\/wp-content\/uploads\/2023\/05\/2009-Kopie-200x133.jpg 200w, https:\/\/www.brettl.at\/wp-content\/uploads\/2023\/05\/2009-Kopie-300x200.jpg 300w, https:\/\/www.brettl.at\/wp-content\/uploads\/2023\/05\/2009-Kopie-400x267.jpg 400w, https:\/\/www.brettl.at\/wp-content\/uploads\/2023\/05\/2009-Kopie-600x400.jpg 600w, https:\/\/www.brettl.at\/wp-content\/uploads\/2023\/05\/2009-Kopie.jpg 640w\" sizes=\"(max-width: 300px) 100vw, 300px\" \/><\/a>\u201eIm Besitze Ihres Schreibens teilen wir Ihnen mit, da\u00df wir Ihr Engagement hinsichtlich der Aufarbeitung der Vergangenheit und der vom Naziregime ermordeten Widerstandsk\u00e4mpfer begr\u00fc\u00dfen und berichten Ihnen zu Ihrem konkreten Anliegen folgendes: All das, was w\u00e4hrend der Zeit des NS-Regimes unz\u00e4hligen Menschen unseres Landes und der ganzen Welt an Leid, Tod, Gewalt und Ha\u00df widerfahren ist, l\u00e4\u00dft sich nicht vergessen machen und soll jedem von uns mahnendes Beispiel f\u00fcr zuk\u00fcnftiges Tun und Handeln dem N\u00e4chsten gegen\u00fcber sein.<br \/>\nSelbstverst\u00e4ndlich soll gerade jenen \u00d6sterreicherinnen und \u00d6sterreichern, die f\u00fcr die Freiheit und Wiedergeburt unseres Landes k\u00e4mpften und oftmals ihr Leben lassen mu\u00dften, immerw\u00e4hrend gedacht werden. Zu der von Ihnen angeregten Aufstellung eines Mahnmales in unserer Gemeinde, mit welchem dem in Gro\u00dfpetersdorf wirkenden Karl Hallaunbrenner gedacht werden soll, erlauben wir uns nach vertrauensvollen Informationen von Zeitzeugen mitzuteilen, da\u00df der Genannte nicht immer im Sinne der heimischen Bev\u00f6lkerung gehandelt hat und durch die Art und Weise seiner Amtsf\u00fchrung und Einstellung sehr umstritten war. Zu Recht meinen daher die damaligen Zeitzeugen, w\u00fcrde eine namentliche Nennung von Karl Hallaunbrenner einer Verh\u00f6hnung vieler anderer Menschen gleichkommen.<br \/>\nOb die Einrichtung eines derartigen Mahnmales in unserer Gemeinde deshalb jenen Stellenwert hat, den man sich davon verspricht, bleibt dahingestellt. [\u2026]<br \/>\nBei der Nennung von Namen einzelner vergi\u00dft man vielerorts, den Mut, die Kraft und denselben Einsatz sowie das Leid der anderen zu nennen und l\u00e4uft Gefahr, gerade dadurch eine Gedenktafel zu einem &#8216;unerw\u00fcnschten Mahnmal&#8217; zu machen. Mit der h\u00f6flichen Bitte, diese Gedanken in jenem Geiste zu verstehen, der diesem Schreiben zugrunde liegt, verbleibt mit freundlichen Gr\u00fc\u00dfen Der B\u00fcrgermeister\u201c<br \/>\n(Wagner Peter. Requiem. Den Verschwiegenen. Ein Versuch \u00fcber den Widerstand. Station 2 Karl Halaunbrenner. Oberwart 2002)<\/p>\n","protected":false},"excerpt":{"rendered":"<p>Karl Halaunbrenner, der j\u00fcdische Postenkommandant von Gro\u00dfpetersdorf, wurde bei der Macht\u00fcbernahme der Nationalsozialisten im M\u00e4rz 1938 verhaftet.<\/p>\n","protected":false},"author":3,"featured_media":3979,"comment_status":"open","ping_status":"open","sticky":false,"template":"","format":"standard","meta":{"footnotes":""},"categories":[285,95,48],"tags":[120],"class_list":["post-3977","post","type-post","status-publish","format-standard","has-post-thumbnail","hentry","category-285","category-nach-1955-politik","category-nationalsozialismus","tag-grosspetersdorf"],"_links":{"self":[{"href":"https:\/\/www.brettl.at\/blog\/wp-json\/wp\/v2\/posts\/3977","targetHints":{"allow":["GET"]}}],"collection":[{"href":"https:\/\/www.brettl.at\/blog\/wp-json\/wp\/v2\/posts"}],"about":[{"href":"https:\/\/www.brettl.at\/blog\/wp-json\/wp\/v2\/types\/post"}],"author":[{"embeddable":true,"href":"https:\/\/www.brettl.at\/blog\/wp-json\/wp\/v2\/users\/3"}],"replies":[{"embeddable":true,"href":"https:\/\/www.brettl.at\/blog\/wp-json\/wp\/v2\/comments?post=3977"}],"version-history":[{"count":1,"href":"https:\/\/www.brettl.at\/blog\/wp-json\/wp\/v2\/posts\/3977\/revisions"}],"predecessor-version":[{"id":3980,"href":"https:\/\/www.brettl.at\/blog\/wp-json\/wp\/v2\/posts\/3977\/revisions\/3980"}],"wp:featuredmedia":[{"embeddable":true,"href":"https:\/\/www.brettl.at\/blog\/wp-json\/wp\/v2\/media\/3979"}],"wp:attachment":[{"href":"https:\/\/www.brettl.at\/blog\/wp-json\/wp\/v2\/media?parent=3977"}],"wp:term":[{"taxonomy":"category","embeddable":true,"href":"https:\/\/www.brettl.at\/blog\/wp-json\/wp\/v2\/categories?post=3977"},{"taxonomy":"post_tag","embeddable":true,"href":"https:\/\/www.brettl.at\/blog\/wp-json\/wp\/v2\/tags?post=3977"}],"curies":[{"name":"wp","href":"https:\/\/api.w.org\/{rel}","templated":true}]}}