{"id":3988,"date":"2023-06-04T19:21:50","date_gmt":"2023-06-04T17:21:50","guid":{"rendered":"https:\/\/www.brettl.at\/blog\/?p=3988"},"modified":"2024-09-02T18:36:25","modified_gmt":"2024-09-02T16:36:25","slug":"zuhause-nur-ein-armer-schlucker","status":"publish","type":"post","link":"https:\/\/www.brettl.at\/blog\/zuhause-nur-ein-armer-schlucker\/","title":{"rendered":"Zuhause nur ein armer Schlucker"},"content":{"rendered":"<p>Im Zeitraum von 1922 bis 1935 emigrierten \u00fcber 70.000 \u00d6sterreicher. Jeder Dritte stammte aus dem bev\u00f6lkerungsarmen Burgenland. Vor allem im s\u00fcdlichen und mittleren Burgenland, wo der wirtschaftliche Druck besonders sp\u00fcrbar war, erreichte die Abwanderung extrem hohe Werte. So lebte 1939 etwa ein F\u00fcnftel der Bev\u00f6lkerung des Bezirkes G\u00fcssing in Amerika. Die bereits Ausgewanderten ermunterten die Daheimgebliebenen, das Burgenland ebenfalls zu verlassen und nachzukommen, da das Burgenland keine Perspektiven bot.<br \/>\n<a href=\"https:\/\/www.brettl.at\/wp-content\/uploads\/2023\/06\/Scan0345.jpg\"><img decoding=\"async\" class=\"alignleft size-medium wp-image-3989\" src=\"https:\/\/www.brettl.at\/wp-content\/uploads\/2023\/06\/Scan0345-245x300.jpg\" alt=\"\" width=\"245\" height=\"300\" srcset=\"https:\/\/www.brettl.at\/wp-content\/uploads\/2023\/06\/Scan0345-200x245.jpg 200w, https:\/\/www.brettl.at\/wp-content\/uploads\/2023\/06\/Scan0345-245x300.jpg 245w, https:\/\/www.brettl.at\/wp-content\/uploads\/2023\/06\/Scan0345-400x490.jpg 400w, https:\/\/www.brettl.at\/wp-content\/uploads\/2023\/06\/Scan0345-600x735.jpg 600w, https:\/\/www.brettl.at\/wp-content\/uploads\/2023\/06\/Scan0345-768x941.jpg 768w, https:\/\/www.brettl.at\/wp-content\/uploads\/2023\/06\/Scan0345-800x980.jpg 800w, https:\/\/www.brettl.at\/wp-content\/uploads\/2023\/06\/Scan0345-836x1024.jpg 836w, https:\/\/www.brettl.at\/wp-content\/uploads\/2023\/06\/Scan0345.jpg 865w\" sizes=\"(max-width: 245px) 100vw, 245px\" \/><\/a>So schrieb Franz Mandl 1929 an einen Daheimgebliebenen: \u201eDu schreibst, dass du Pilgersdorf verlassen m\u00f6chtest. Wenn du vielleicht Lust auf Kanada hast, so kannst du schon kommen, aber du musst noch ein wenig warten, bis ich ein eigenes Heim habe. (\u2026) Hier kann man leichter zu einer Existenz kommen als in \u00d6sterreich. Man muss halt Geduld haben, denn auf einmal geht das nicht. Zuhause w\u00e4re ich immer ein armer Schlucker geblieben. Hier erhoffe ich mir eine bessere Zukunft.\u201c<br \/>\n(Knasar Doris: Liebe Eltern in Frieden ergreife ich die Feder an eich einige bar zeilen zu schreiben. In: \u2026 nach Amerika. Burgenl\u00e4ndische Forschungen, Sonderband IX. Eisenstadt 1992. S. 203)<\/p>\n","protected":false},"excerpt":{"rendered":"<p>Im Zeitraum von 1922 bis 1935 emigrierten \u00fcber 70.000 \u00d6sterreicher. Jeder Dritte stammte aus dem bev\u00f6lkerungsarmen Burgenland. <\/p>\n","protected":false},"author":3,"featured_media":3989,"comment_status":"open","ping_status":"open","sticky":false,"template":"","format":"standard","meta":{"footnotes":""},"categories":[285,32],"tags":[178],"class_list":["post-3988","post","type-post","status-publish","format-standard","has-post-thumbnail","hentry","category-285","category-migration","tag-pilgersdorf"],"_links":{"self":[{"href":"https:\/\/www.brettl.at\/blog\/wp-json\/wp\/v2\/posts\/3988","targetHints":{"allow":["GET"]}}],"collection":[{"href":"https:\/\/www.brettl.at\/blog\/wp-json\/wp\/v2\/posts"}],"about":[{"href":"https:\/\/www.brettl.at\/blog\/wp-json\/wp\/v2\/types\/post"}],"author":[{"embeddable":true,"href":"https:\/\/www.brettl.at\/blog\/wp-json\/wp\/v2\/users\/3"}],"replies":[{"embeddable":true,"href":"https:\/\/www.brettl.at\/blog\/wp-json\/wp\/v2\/comments?post=3988"}],"version-history":[{"count":1,"href":"https:\/\/www.brettl.at\/blog\/wp-json\/wp\/v2\/posts\/3988\/revisions"}],"predecessor-version":[{"id":3990,"href":"https:\/\/www.brettl.at\/blog\/wp-json\/wp\/v2\/posts\/3988\/revisions\/3990"}],"wp:featuredmedia":[{"embeddable":true,"href":"https:\/\/www.brettl.at\/blog\/wp-json\/wp\/v2\/media\/3989"}],"wp:attachment":[{"href":"https:\/\/www.brettl.at\/blog\/wp-json\/wp\/v2\/media?parent=3988"}],"wp:term":[{"taxonomy":"category","embeddable":true,"href":"https:\/\/www.brettl.at\/blog\/wp-json\/wp\/v2\/categories?post=3988"},{"taxonomy":"post_tag","embeddable":true,"href":"https:\/\/www.brettl.at\/blog\/wp-json\/wp\/v2\/tags?post=3988"}],"curies":[{"name":"wp","href":"https:\/\/api.w.org\/{rel}","templated":true}]}}