{"id":4033,"date":"2023-08-21T11:41:44","date_gmt":"2023-08-21T09:41:44","guid":{"rendered":"https:\/\/www.brettl.at\/blog\/?p=4033"},"modified":"2024-09-02T18:33:16","modified_gmt":"2024-09-02T16:33:16","slug":"ein-kruegel-kostete-schon-350-schilling","status":"publish","type":"post","link":"https:\/\/www.brettl.at\/blog\/ein-kruegel-kostete-schon-350-schilling\/","title":{"rendered":"Ein Kr\u00fcgel kostete schon 3,50 Schilling"},"content":{"rendered":"<div class=\"fusion-fullwidth fullwidth-box fusion-builder-row-1 fusion-flex-container nonhundred-percent-fullwidth non-hundred-percent-height-scrolling\" style=\"--awb-border-radius-top-left:0px;--awb-border-radius-top-right:0px;--awb-border-radius-bottom-right:0px;--awb-border-radius-bottom-left:0px;--awb-flex-wrap:wrap;\" ><div class=\"fusion-builder-row fusion-row fusion-flex-align-items-flex-start fusion-flex-content-wrap\" style=\"max-width:1100.32px;margin-left: calc(-4% \/ 2 );margin-right: calc(-4% \/ 2 );\"><div class=\"fusion-layout-column fusion_builder_column fusion-builder-column-0 fusion_builder_column_1_1 1_1 fusion-flex-column\" style=\"--awb-bg-size:cover;--awb-width-large:100%;--awb-margin-top-large:0px;--awb-spacing-right-large:1.92%;--awb-margin-bottom-large:0px;--awb-spacing-left-large:1.92%;--awb-width-medium:100%;--awb-spacing-right-medium:1.92%;--awb-spacing-left-medium:1.92%;--awb-width-small:100%;--awb-spacing-right-small:1.92%;--awb-spacing-left-small:1.92%;\"><div class=\"fusion-column-wrapper fusion-flex-justify-content-flex-start fusion-content-layout-column\"><div class=\"fusion-text fusion-text-1\"><p>Preiserh\u00f6hungen werden von der Bev\u00f6lkerung vielfach als ungerechtfertigt empfunden. Vor allem die Erh\u00f6hung der Getr\u00e4nkepreise sorgte immer wieder f\u00fcr Kritik. Der Gendarmerieposten Eberau berichtete am 20. Mai 1963 \u00fcber die Stimmung in der Bev\u00f6lkerung:<br \/>\n<a href=\"https:\/\/www.brettl.at\/wp-content\/uploads\/2023\/08\/b.jpg\"><img decoding=\"async\" class=\"alignleft size-medium wp-image-4034\" src=\"https:\/\/www.brettl.at\/wp-content\/uploads\/2023\/08\/b-225x300.jpg\" alt=\"\" width=\"225\" height=\"300\" srcset=\"https:\/\/www.brettl.at\/wp-content\/uploads\/2023\/08\/b-200x267.jpg 200w, https:\/\/www.brettl.at\/wp-content\/uploads\/2023\/08\/b-225x300.jpg 225w, https:\/\/www.brettl.at\/wp-content\/uploads\/2023\/08\/b-400x533.jpg 400w, https:\/\/www.brettl.at\/wp-content\/uploads\/2023\/08\/b-600x800.jpg 600w, https:\/\/www.brettl.at\/wp-content\/uploads\/2023\/08\/b.jpg 640w\" sizes=\"(max-width: 225px) 100vw, 225px\" \/><\/a>\u201eDie Bev\u00f6lkerung im Postenbereiche wird derzeit wegen der st\u00e4ndigen Preisbewegung nach oben beunruhigt. Die Sparer und auch die Landwirte f\u00fchlen sich besonders benachteiligt. In einzelnen F\u00e4llen werden Sparkonten bereits in festes Verm\u00f6gen (Erwerb von Grundst\u00fccken, Hausbauten, etc.) umgelegt. Aus einer Reihe von Preiserh\u00f6hungen wird hier im Augenblick die Erh\u00f6hung der Preise f\u00fcr Getr\u00e4nke durch Gastronomiebetriebe kritisiert. So wurden z.B. 1 Flasche Bier von 3,60 S. auf 4,- S., 1 Kr\u00fcgel Bier von 3,- S. auf 3,50 S., 1 Seidel von 2,- auf 2,50 S., 1 Flasche Sodawasser von 3,- auf 3,50 S., 1 Flasche Limonade (Almdudler, Frucade etc.) von 3,- S. auf 3,50 S. erh\u00f6ht. \u00c4u\u00dferst unzufrieden war man auch mit den vom Saatenhaus X., Oberwart, in den Handel gebrachten S\u00e4mereien bez\u00fcglich des Preises, der Qualit\u00e4t u. Quantit\u00e4t. Vielfach wird der Wunsch laut, da\u00df wirkungsvolle Ma\u00dfnahmen ergriffen werden sollten, um die Preisauftriebstendenzen hintanzuhalten.\u201c<br \/>\n(BLA. BH G\u00fcssing 23. Situations- u. Lageberichte. 2\/63)<\/p>\n<\/div><\/div><\/div><\/div><\/div>\n","protected":false},"excerpt":{"rendered":"<p>Preiserh\u00f6hungen werden von der Bev\u00f6lkerung vielfach als ungerechtfertigt empfunden. <\/p>\n","protected":false},"author":3,"featured_media":4034,"comment_status":"open","ping_status":"open","sticky":false,"template":"","format":"standard","meta":{"footnotes":""},"categories":[285,41,61],"tags":[204],"class_list":["post-4033","post","type-post","status-publish","format-standard","has-post-thumbnail","hentry","category-285","category-soziales","category-wirtschaft","tag-eberau"],"_links":{"self":[{"href":"https:\/\/www.brettl.at\/blog\/wp-json\/wp\/v2\/posts\/4033","targetHints":{"allow":["GET"]}}],"collection":[{"href":"https:\/\/www.brettl.at\/blog\/wp-json\/wp\/v2\/posts"}],"about":[{"href":"https:\/\/www.brettl.at\/blog\/wp-json\/wp\/v2\/types\/post"}],"author":[{"embeddable":true,"href":"https:\/\/www.brettl.at\/blog\/wp-json\/wp\/v2\/users\/3"}],"replies":[{"embeddable":true,"href":"https:\/\/www.brettl.at\/blog\/wp-json\/wp\/v2\/comments?post=4033"}],"version-history":[{"count":3,"href":"https:\/\/www.brettl.at\/blog\/wp-json\/wp\/v2\/posts\/4033\/revisions"}],"predecessor-version":[{"id":4817,"href":"https:\/\/www.brettl.at\/blog\/wp-json\/wp\/v2\/posts\/4033\/revisions\/4817"}],"wp:featuredmedia":[{"embeddable":true,"href":"https:\/\/www.brettl.at\/blog\/wp-json\/wp\/v2\/media\/4034"}],"wp:attachment":[{"href":"https:\/\/www.brettl.at\/blog\/wp-json\/wp\/v2\/media?parent=4033"}],"wp:term":[{"taxonomy":"category","embeddable":true,"href":"https:\/\/www.brettl.at\/blog\/wp-json\/wp\/v2\/categories?post=4033"},{"taxonomy":"post_tag","embeddable":true,"href":"https:\/\/www.brettl.at\/blog\/wp-json\/wp\/v2\/tags?post=4033"}],"curies":[{"name":"wp","href":"https:\/\/api.w.org\/{rel}","templated":true}]}}