{"id":4046,"date":"2023-09-10T09:04:09","date_gmt":"2023-09-10T07:04:09","guid":{"rendered":"https:\/\/www.brettl.at\/blog\/?p=4046"},"modified":"2024-09-02T18:33:01","modified_gmt":"2024-09-02T16:33:01","slug":"reicht-die-pension","status":"publish","type":"post","link":"https:\/\/www.brettl.at\/blog\/reicht-die-pension\/","title":{"rendered":"Reicht die Pension?"},"content":{"rendered":"<div class=\"fusion-fullwidth fullwidth-box fusion-builder-row-1 fusion-flex-container nonhundred-percent-fullwidth non-hundred-percent-height-scrolling\" style=\"--awb-border-radius-top-left:0px;--awb-border-radius-top-right:0px;--awb-border-radius-bottom-right:0px;--awb-border-radius-bottom-left:0px;--awb-flex-wrap:wrap;\" ><div class=\"fusion-builder-row fusion-row fusion-flex-align-items-flex-start fusion-flex-content-wrap\" style=\"max-width:1100.32px;margin-left: calc(-4% \/ 2 );margin-right: calc(-4% \/ 2 );\"><div class=\"fusion-layout-column fusion_builder_column fusion-builder-column-0 fusion_builder_column_1_1 1_1 fusion-flex-column\" style=\"--awb-bg-size:cover;--awb-width-large:100%;--awb-margin-top-large:0px;--awb-spacing-right-large:1.92%;--awb-margin-bottom-large:0px;--awb-spacing-left-large:1.92%;--awb-width-medium:100%;--awb-spacing-right-medium:1.92%;--awb-spacing-left-medium:1.92%;--awb-width-small:100%;--awb-spacing-right-small:1.92%;--awb-spacing-left-small:1.92%;\"><div class=\"fusion-column-wrapper fusion-flex-justify-content-flex-start fusion-content-layout-column\"><div class=\"fusion-text fusion-text-1\"><p>Das \u00f6sterreichische Pensionssystem beruht auf einem \u201eGenerationenvertrag\u201c. Vereinfacht gesagt finanzieren anhand eines Umlageverfahrens die aktiv im Arbeitsleben stehenden Personen, die Inaktiven, die nicht mehr arbeitenden Personen. Die steigende Lebenserwartung, sinkende Geburtenraten und l\u00e4ngere Ausbildungszeit haben den Effekt, dass das System nur durch verst\u00e4rkte Zuwendung von Steuermitteln finanzierbar ist, da die Einzahlungen f\u00fcr die Auszahlungen nicht ausreichen.<br \/>\nDie Frage, ob die Pensionen auch in Zukunft ausreichend gesichert sein werden und wie hoch die einzelne Pension sein wird, stellt sich vielfach. Um mehr Transparenz zu schaffen und die im Arbeitsleben stehenden Personen zu einer l\u00e4ngeren Erwerbszeit zu animieren, wurde ein Pensionskonto geschaffen. Der Blick auf die aktuelle Kontogutschrift auf dem Pensionskonto hilft bei der Pensionsberechnung, sorgt aber auch f\u00fcr Unmut, wie uns ein Leserbrief von Friedrich R. aus Eisenstadt zeigt, der den Titel \u201eB\u00f6ses Erwachen\u201c tr\u00e4gt:<br \/>\n<a href=\"https:\/\/www.brettl.at\/wp-content\/uploads\/2023\/09\/Bild113.jpg\"><img decoding=\"async\" class=\"alignleft size-medium wp-image-4047\" src=\"https:\/\/www.brettl.at\/wp-content\/uploads\/2023\/09\/Bild113-300x201.jpg\" alt=\"\" width=\"300\" height=\"201\" srcset=\"https:\/\/www.brettl.at\/wp-content\/uploads\/2023\/09\/Bild113-200x134.jpg 200w, https:\/\/www.brettl.at\/wp-content\/uploads\/2023\/09\/Bild113-300x201.jpg 300w, https:\/\/www.brettl.at\/wp-content\/uploads\/2023\/09\/Bild113-400x268.jpg 400w, https:\/\/www.brettl.at\/wp-content\/uploads\/2023\/09\/Bild113-600x401.jpg 600w, https:\/\/www.brettl.at\/wp-content\/uploads\/2023\/09\/Bild113.jpg 640w\" sizes=\"(max-width: 300px) 100vw, 300px\" \/><\/a>\u201eIn diesen Tagen erhalten die \u00d6sterreicher ihre Zuschriften zu ihrem pers\u00f6nlichen Pensionskonto. Beworben wird das Ganze mit den Schlagworten: Einfach, Transparent, Sicher. Sicher ist dabei jedoch einzig und allein die Tatsache, dass sich die Empf\u00e4nger verschaukelt f\u00fchlen d\u00fcrfen. Als meine Gattin ihren Beruf aufgeben musste, hat sie der zust\u00e4ndigen Pensionsversicherungsanstalt alle Unterlagen und Zeiten f\u00fcr die Pensionsberechnung \u00fcbergeben und ihre voraussichtliche Pension wurde berechnet. Jetzt hat sie eine Kontomitteilung und die voraussichtliche Pensionsmitteilung f\u00fcr die nahende Pension erhalten. Diese neuerliche Mitteilung \u00fcber die voraussichtliche Pensionsh\u00f6he derselben Pensionsversicherungsanstalt ist jedoch um 16 % niedriger. Jetzt stellt sich schon die Frage, wie da gerechnet wurde oder wird, bzw. ob da vielleicht sogar schlampig gearbeitet wird? Wenn mit allen \u00d6sterreichern so umgegangen wird, dann bricht das System bald zusammen und niemand hat Schuld daran.\u201c<br \/>\n(Kurier Juni 2014)<\/p>\n<\/div><\/div><\/div><\/div><\/div>\n","protected":false},"excerpt":{"rendered":"<p>Das \u00f6sterreichische Pensionssystem beruht auf einem \u201eGenerationenvertrag\u201c. Vereinfacht gesagt finanzieren anhand eines Umlageverfahrens die &#8230;<\/p>\n","protected":false},"author":3,"featured_media":4047,"comment_status":"open","ping_status":"open","sticky":false,"template":"","format":"standard","meta":{"footnotes":""},"categories":[285,41],"tags":[54],"class_list":["post-4046","post","type-post","status-publish","format-standard","has-post-thumbnail","hentry","category-285","category-soziales","tag-eisenstadt"],"_links":{"self":[{"href":"https:\/\/www.brettl.at\/blog\/wp-json\/wp\/v2\/posts\/4046","targetHints":{"allow":["GET"]}}],"collection":[{"href":"https:\/\/www.brettl.at\/blog\/wp-json\/wp\/v2\/posts"}],"about":[{"href":"https:\/\/www.brettl.at\/blog\/wp-json\/wp\/v2\/types\/post"}],"author":[{"embeddable":true,"href":"https:\/\/www.brettl.at\/blog\/wp-json\/wp\/v2\/users\/3"}],"replies":[{"embeddable":true,"href":"https:\/\/www.brettl.at\/blog\/wp-json\/wp\/v2\/comments?post=4046"}],"version-history":[{"count":2,"href":"https:\/\/www.brettl.at\/blog\/wp-json\/wp\/v2\/posts\/4046\/revisions"}],"predecessor-version":[{"id":4049,"href":"https:\/\/www.brettl.at\/blog\/wp-json\/wp\/v2\/posts\/4046\/revisions\/4049"}],"wp:featuredmedia":[{"embeddable":true,"href":"https:\/\/www.brettl.at\/blog\/wp-json\/wp\/v2\/media\/4047"}],"wp:attachment":[{"href":"https:\/\/www.brettl.at\/blog\/wp-json\/wp\/v2\/media?parent=4046"}],"wp:term":[{"taxonomy":"category","embeddable":true,"href":"https:\/\/www.brettl.at\/blog\/wp-json\/wp\/v2\/categories?post=4046"},{"taxonomy":"post_tag","embeddable":true,"href":"https:\/\/www.brettl.at\/blog\/wp-json\/wp\/v2\/tags?post=4046"}],"curies":[{"name":"wp","href":"https:\/\/api.w.org\/{rel}","templated":true}]}}