{"id":4063,"date":"2023-10-01T08:06:28","date_gmt":"2023-10-01T06:06:28","guid":{"rendered":"https:\/\/www.brettl.at\/blog\/?p=4063"},"modified":"2024-09-02T18:32:45","modified_gmt":"2024-09-02T16:32:45","slug":"kontrolle-der-spendenfreudigkeit","status":"publish","type":"post","link":"https:\/\/www.brettl.at\/blog\/kontrolle-der-spendenfreudigkeit\/","title":{"rendered":"Kontrolle der Spendenfreudigkeit"},"content":{"rendered":"<div class=\"fusion-fullwidth fullwidth-box fusion-builder-row-1 fusion-flex-container nonhundred-percent-fullwidth non-hundred-percent-height-scrolling\" style=\"--awb-border-radius-top-left:0px;--awb-border-radius-top-right:0px;--awb-border-radius-bottom-right:0px;--awb-border-radius-bottom-left:0px;--awb-flex-wrap:wrap;\" ><div class=\"fusion-builder-row fusion-row fusion-flex-align-items-flex-start fusion-flex-content-wrap\" style=\"max-width:1100.32px;margin-left: calc(-4% \/ 2 );margin-right: calc(-4% \/ 2 );\"><div class=\"fusion-layout-column fusion_builder_column fusion-builder-column-0 fusion_builder_column_1_1 1_1 fusion-flex-column\" style=\"--awb-bg-size:cover;--awb-width-large:100%;--awb-margin-top-large:0px;--awb-spacing-right-large:1.92%;--awb-margin-bottom-large:0px;--awb-spacing-left-large:1.92%;--awb-width-medium:100%;--awb-spacing-right-medium:1.92%;--awb-spacing-left-medium:1.92%;--awb-width-small:100%;--awb-spacing-right-small:1.92%;--awb-spacing-left-small:1.92%;\"><div class=\"fusion-column-wrapper fusion-flex-justify-content-flex-start fusion-content-layout-column\"><div class=\"fusion-text fusion-text-1\"><p>Die \u201eNationalsozialistische Volkswohlfahrt\u201c (NSV) gr\u00fcndete zur Unterst\u00fctzung Bed\u00fcrftiger die Organisation \u201eWinterhilfswerk\u201c und wollte mit diesem Projekt die Idee der \u201eNS-Volksgemeinschaft\u201c untermauern. Die Spendensammlungen f\u00fcr das Winterhilfswerk wurde einerseits bei Arbeitnehmern am Arbeitsplatz bzw. vielfach durch Haus- und Stra\u00dfensammlungen vom Bund deutscher M\u00e4del (BdM) eingehoben. Auch in M\u00fcllendorf wurde 1940 von den Nationalsozialisten eine Spendenaktion durchgef\u00fchrt. Die Spendenfreudigkeit der Bev\u00f6lkerung wurde dabei genau kontrolliert bzw. eingemahnt. So schreibt der Kreisleiter von Eisenstadt an Stefan Ackerl in M\u00fcllendorf im Februar 1940:<br \/>\n<a href=\"https:\/\/www.brettl.at\/wp-content\/uploads\/2023\/10\/WHW.jpg\"><img decoding=\"async\" class=\"alignleft size-medium wp-image-4064\" src=\"https:\/\/www.brettl.at\/wp-content\/uploads\/2023\/10\/WHW-300x142.jpg\" alt=\"\" width=\"300\" height=\"142\" srcset=\"https:\/\/www.brettl.at\/wp-content\/uploads\/2023\/10\/WHW-200x94.jpg 200w, https:\/\/www.brettl.at\/wp-content\/uploads\/2023\/10\/WHW-300x142.jpg 300w, https:\/\/www.brettl.at\/wp-content\/uploads\/2023\/10\/WHW-400x189.jpg 400w, https:\/\/www.brettl.at\/wp-content\/uploads\/2023\/10\/WHW-600x283.jpg 600w, https:\/\/www.brettl.at\/wp-content\/uploads\/2023\/10\/WHW-768x362.jpg 768w, https:\/\/www.brettl.at\/wp-content\/uploads\/2023\/10\/WHW-800x377.jpg 800w, https:\/\/www.brettl.at\/wp-content\/uploads\/2023\/10\/WHW.jpg 1024w\" sizes=\"(max-width: 300px) 100vw, 300px\" \/><\/a>\u201eDas Kriegswinterhilfswerk 1939\/40 hat die Aufgabe, alle die durch den Krieg entstandenen N\u00f6ten [sic!] im deutschen Volk zu lindern. Dazu geh\u00f6rt auch das Werk des Deutschen Roten Kreuzes. Wer also f\u00fcr das Winterhilfswerk 1939\/40 opfert, opfert nicht allein f\u00fcr die Gesunderhaltung armer Volksgenossen, sondern f\u00fcr die Genesung rekonvaleszenter Soldaten. F\u00fcr diesen Zweck gibt jeder Volksgenosse soviel [sic!], dass man seine Gabe wirklich als Opfer ansprechen kann.<br \/>\nSie haben als Spende f\u00fcr die Kirchenturmuhr den Betrag von RM 10.- gegeben. Nachdem Sie nun \u00fcber das Kriegswinterhilfswerk aufgekl\u00e4rt sind, ist zu erwarten, dass Sie ihre Geberfreudigkeit f\u00fcr dasselbe im Vergleich zu Ihrer Spende f\u00fcr die Kirchenturmuhr entsprechend berichtigen, sodass man auch bei Ihnen von einem Opfer sprechen kann.<br \/>\nSie werden daher eingeladen, t\u00e4glich von 8 h \u2013 17 h in das beim B\u00fcrgermeister aufliegende Opferbuch f\u00fcr das Kriegswinterhilfswerk des Deutschen Volkes, Ihre Zeichnung einzutragen.<br \/>\nDer Ortsgruppenleiter wird mir von Ihrem Opfer f\u00fcr die deutsche Volksgemeinschaft, die auch f\u00fcr Sie k\u00e4mpft, genau so berichten, wie er mir von Ihrer Spende f\u00fcr die Kirchenturmuhr berichtet hat.<br \/>\nHeil Hitler! Der Kreisleiter Brauner\u201c<\/p>\n<p><strong>Hinweis: Am 12. Oktober 2023 (18.00 Uhr, Mehrzweckhalle) findet in M\u00fcllendorf eine Lesung aus dem Konvolut der \u201eAckerl-Briefe\u201c statt. <\/strong><\/p>\n<\/div><\/div><\/div><\/div><\/div>\n","protected":false},"excerpt":{"rendered":"<p>Die \u201eNationalsozialistische Volkswohlfahrt\u201c (NSV) gr\u00fcndete zur Unterst\u00fctzung Bed\u00fcrftiger die Organisation \u201eWinterhilfswerk\u201c.<\/p>\n","protected":false},"author":3,"featured_media":4064,"comment_status":"open","ping_status":"open","sticky":false,"template":"","format":"standard","meta":{"footnotes":""},"categories":[285,48],"tags":[256],"class_list":["post-4063","post","type-post","status-publish","format-standard","has-post-thumbnail","hentry","category-285","category-nationalsozialismus","tag-muellendorf"],"_links":{"self":[{"href":"https:\/\/www.brettl.at\/blog\/wp-json\/wp\/v2\/posts\/4063","targetHints":{"allow":["GET"]}}],"collection":[{"href":"https:\/\/www.brettl.at\/blog\/wp-json\/wp\/v2\/posts"}],"about":[{"href":"https:\/\/www.brettl.at\/blog\/wp-json\/wp\/v2\/types\/post"}],"author":[{"embeddable":true,"href":"https:\/\/www.brettl.at\/blog\/wp-json\/wp\/v2\/users\/3"}],"replies":[{"embeddable":true,"href":"https:\/\/www.brettl.at\/blog\/wp-json\/wp\/v2\/comments?post=4063"}],"version-history":[{"count":3,"href":"https:\/\/www.brettl.at\/blog\/wp-json\/wp\/v2\/posts\/4063\/revisions"}],"predecessor-version":[{"id":4814,"href":"https:\/\/www.brettl.at\/blog\/wp-json\/wp\/v2\/posts\/4063\/revisions\/4814"}],"wp:featuredmedia":[{"embeddable":true,"href":"https:\/\/www.brettl.at\/blog\/wp-json\/wp\/v2\/media\/4064"}],"wp:attachment":[{"href":"https:\/\/www.brettl.at\/blog\/wp-json\/wp\/v2\/media?parent=4063"}],"wp:term":[{"taxonomy":"category","embeddable":true,"href":"https:\/\/www.brettl.at\/blog\/wp-json\/wp\/v2\/categories?post=4063"},{"taxonomy":"post_tag","embeddable":true,"href":"https:\/\/www.brettl.at\/blog\/wp-json\/wp\/v2\/tags?post=4063"}],"curies":[{"name":"wp","href":"https:\/\/api.w.org\/{rel}","templated":true}]}}