{"id":4091,"date":"2023-11-13T07:37:12","date_gmt":"2023-11-13T06:37:12","guid":{"rendered":"https:\/\/www.brettl.at\/blog\/?p=4091"},"modified":"2024-09-02T18:32:14","modified_gmt":"2024-09-02T16:32:14","slug":"rote-garde-in-st-margarethen","status":"publish","type":"post","link":"https:\/\/www.brettl.at\/blog\/rote-garde-in-st-margarethen\/","title":{"rendered":"Rote Garde in St. Margarethen"},"content":{"rendered":"<div class=\"fusion-fullwidth fullwidth-box fusion-builder-row-1 fusion-flex-container nonhundred-percent-fullwidth non-hundred-percent-height-scrolling\" style=\"--awb-border-radius-top-left:0px;--awb-border-radius-top-right:0px;--awb-border-radius-bottom-right:0px;--awb-border-radius-bottom-left:0px;--awb-flex-wrap:wrap;\" ><div class=\"fusion-builder-row fusion-row fusion-flex-align-items-flex-start fusion-flex-content-wrap\" style=\"max-width:1100.32px;margin-left: calc(-4% \/ 2 );margin-right: calc(-4% \/ 2 );\"><div class=\"fusion-layout-column fusion_builder_column fusion-builder-column-0 fusion_builder_column_1_1 1_1 fusion-flex-column\" style=\"--awb-bg-size:cover;--awb-width-large:100%;--awb-margin-top-large:0px;--awb-spacing-right-large:1.92%;--awb-margin-bottom-large:0px;--awb-spacing-left-large:1.92%;--awb-width-medium:100%;--awb-spacing-right-medium:1.92%;--awb-spacing-left-medium:1.92%;--awb-width-small:100%;--awb-spacing-right-small:1.92%;--awb-spacing-left-small:1.92%;\"><div class=\"fusion-column-wrapper fusion-flex-justify-content-flex-start fusion-content-layout-column\"><div class=\"fusion-text fusion-text-1\"><p>Im M\u00e4rz 1919 wurde von einer sozialdemokratisch-kommunistische Allianz in Ungarn die R\u00e4terepublik ausgerufen. Zwischen der b\u00e4uerlichen Bev\u00f6lkerung Westungarns und den Rotgardisten begann eine konfliktbeladene Zeit. Ma\u00dfnahmen gegen die Konfessionen und Restriktionen, wie Alkohol- oder Tanzverbot, f\u00fchrten in der Bev\u00f6lkerung zu Abwehrhaltungen. So auch in St. Margarethen, wo die Regierenden rigoros gegen die \u201eUnruhestifter\u201c vorgingen. Auf einem Plakat wurden die Ma\u00dfnahmen verk\u00fcndet:<br \/>\n<a href=\"https:\/\/www.brettl.at\/wp-content\/uploads\/2023\/11\/Screenshot-1851-Kopie.png\"><img decoding=\"async\" class=\"alignleft size-medium wp-image-4092\" src=\"https:\/\/www.brettl.at\/wp-content\/uploads\/2023\/11\/Screenshot-1851-Kopie-300x112.png\" alt=\"\" width=\"300\" height=\"112\" srcset=\"https:\/\/www.brettl.at\/wp-content\/uploads\/2023\/11\/Screenshot-1851-Kopie-200x75.png 200w, https:\/\/www.brettl.at\/wp-content\/uploads\/2023\/11\/Screenshot-1851-Kopie-300x112.png 300w, https:\/\/www.brettl.at\/wp-content\/uploads\/2023\/11\/Screenshot-1851-Kopie-400x149.png 400w, https:\/\/www.brettl.at\/wp-content\/uploads\/2023\/11\/Screenshot-1851-Kopie.png 597w\" sizes=\"(max-width: 300px) 100vw, 300px\" \/><\/a>\u201eKundmachung<br \/>\nTrotz wiederholter Warnung der Bev\u00f6lkerung durch die Regierung und dem Gemeinderate werden noch immer die unsinnigen Ger\u00fcchte verbreitet, z.B. die Regierung wurde gest\u00fcrzt, ec. Einige Bauern drohen die Mitglieder des Gemeinderates, im Falle die Regierung gest\u00fcrzt wird, sofort aufzuh\u00e4ngen, usw. In den letzten Tagen wurde in Erfahrung gebracht, da\u00df beim Gastwirt Kugler die sogenannten W\u00fchlarbeiter ihre Versammlung abhalten und dort Pl\u00e4ne machen. Heute hat sogar Alexander Kugler, der Urheber, die wei\u00dfe Fahne gehi\u00dft.<br \/>\nDas \u00d6denburger Direktorium sich auf Grund dessen veranla\u00dft, die Arbeiterschaft in St. Margarethen in Schutz zu nehmen und sch\u00e4rfstens vorzugehen.\u00a0Zur Aufrechterhaltung der Ruhe und Ordnung wird bis auf weiteres eine Abteilung Rote Garde in St. Margarethen einquartiert, ferner wurde der Gemeinderat bewaffnet. Derjenige, welcher gegen die Rote Garde oder gegen den Gemeinderat bewaffnet entgegentritt, wird an Ort und Stelle standrechtlich erschossen.\u00a0Derjenige, welcher eine Waffe im Besitz hat, hat selbe bis morgen dem Kommandanten der Roten Garde abzuliefern.\u00a0Die Kommando-Kanzlei befindet sich im Gemeinde-Gasthaus.<br \/>\nMorgen nachmittags wird durch die Rote Garde eine strenge Hausdurchsuchung abgehalten, wo eine Waffe vorgefunden wird, wird der Besitzer vor das Revolutionsgericht gestellt.<br \/>\nSt. Margarethen, 5. Mai 1919.<br \/>\nEntzbruder m.p.<br \/>\nKellner m.p.\u201c<br \/>\n(Privatbesitz Fam. Gruber, St. Margarethen \u2013 Danke f\u00fcr die \u00dcberlassung der Quelle)<\/p>\n<\/div><\/div><\/div><\/div><\/div>\n","protected":false},"excerpt":{"rendered":"<p>In St. Margarethen ging die R\u00e4teregierung rigoros gegen die sogenannten &#8220;Unruhestifter\u201c vor. <\/p>\n","protected":false},"author":3,"featured_media":4092,"comment_status":"open","ping_status":"open","sticky":false,"template":"","format":"standard","meta":{"footnotes":""},"categories":[285,38],"tags":[86],"class_list":["post-4091","post","type-post","status-publish","format-standard","has-post-thumbnail","hentry","category-285","category-westungarn","tag-st-margarethen"],"_links":{"self":[{"href":"https:\/\/www.brettl.at\/blog\/wp-json\/wp\/v2\/posts\/4091","targetHints":{"allow":["GET"]}}],"collection":[{"href":"https:\/\/www.brettl.at\/blog\/wp-json\/wp\/v2\/posts"}],"about":[{"href":"https:\/\/www.brettl.at\/blog\/wp-json\/wp\/v2\/types\/post"}],"author":[{"embeddable":true,"href":"https:\/\/www.brettl.at\/blog\/wp-json\/wp\/v2\/users\/3"}],"replies":[{"embeddable":true,"href":"https:\/\/www.brettl.at\/blog\/wp-json\/wp\/v2\/comments?post=4091"}],"version-history":[{"count":3,"href":"https:\/\/www.brettl.at\/blog\/wp-json\/wp\/v2\/posts\/4091\/revisions"}],"predecessor-version":[{"id":4810,"href":"https:\/\/www.brettl.at\/blog\/wp-json\/wp\/v2\/posts\/4091\/revisions\/4810"}],"wp:featuredmedia":[{"embeddable":true,"href":"https:\/\/www.brettl.at\/blog\/wp-json\/wp\/v2\/media\/4092"}],"wp:attachment":[{"href":"https:\/\/www.brettl.at\/blog\/wp-json\/wp\/v2\/media?parent=4091"}],"wp:term":[{"taxonomy":"category","embeddable":true,"href":"https:\/\/www.brettl.at\/blog\/wp-json\/wp\/v2\/categories?post=4091"},{"taxonomy":"post_tag","embeddable":true,"href":"https:\/\/www.brettl.at\/blog\/wp-json\/wp\/v2\/tags?post=4091"}],"curies":[{"name":"wp","href":"https:\/\/api.w.org\/{rel}","templated":true}]}}