{"id":4096,"date":"2023-11-19T08:44:57","date_gmt":"2023-11-19T07:44:57","guid":{"rendered":"https:\/\/www.brettl.at\/blog\/?p=4096"},"modified":"2024-09-02T18:32:10","modified_gmt":"2024-09-02T16:32:10","slug":"frau-sein-im-burgenland","status":"publish","type":"post","link":"https:\/\/www.brettl.at\/blog\/frau-sein-im-burgenland\/","title":{"rendered":"Frau sein im Burgenland"},"content":{"rendered":"<div class=\"fusion-fullwidth fullwidth-box fusion-builder-row-1 fusion-flex-container nonhundred-percent-fullwidth non-hundred-percent-height-scrolling\" style=\"--awb-border-radius-top-left:0px;--awb-border-radius-top-right:0px;--awb-border-radius-bottom-right:0px;--awb-border-radius-bottom-left:0px;--awb-flex-wrap:wrap;\" ><div class=\"fusion-builder-row fusion-row fusion-flex-align-items-flex-start fusion-flex-content-wrap\" style=\"max-width:1100.32px;margin-left: calc(-4% \/ 2 );margin-right: calc(-4% \/ 2 );\"><div class=\"fusion-layout-column fusion_builder_column fusion-builder-column-0 fusion_builder_column_1_1 1_1 fusion-flex-column\" style=\"--awb-bg-size:cover;--awb-width-large:100%;--awb-margin-top-large:0px;--awb-spacing-right-large:1.92%;--awb-margin-bottom-large:0px;--awb-spacing-left-large:1.92%;--awb-width-medium:100%;--awb-spacing-right-medium:1.92%;--awb-spacing-left-medium:1.92%;--awb-width-small:100%;--awb-spacing-right-small:1.92%;--awb-spacing-left-small:1.92%;\"><div class=\"fusion-column-wrapper fusion-flex-justify-content-flex-start fusion-content-layout-column\"><div class=\"fusion-text fusion-text-1\"><p>Die Frauen im Burgenland hatten nicht immer ein leichtes Los zu tragen. In dem lange Zeit \u00f6konomisch benachteiligten Land waren viele M\u00e4nner gezwungen, einen Arbeitsplatz \u201ein der Ferne\u201c anzunehmen und zu pendeln. Somit waren die Frauen vielfach gen\u00f6tigt, f\u00fcr viele Bereiche die Verantwortung zu \u00fcbernehmen. Neben den T\u00e4tigkeiten im Haushalt, der Kindererziehung, der Altenbetreuung, aber auch durch ihre Arbeit als Nebenerwerbslandwirtin oder Industriearbeiterin trugen die Frauen wesentlich zum Lebensunterhalt der Familie und zum Aufbau des Burgenlandes bei.<br \/>\n<a href=\"https:\/\/www.brettl.at\/wp-content\/uploads\/2023\/11\/Frau-sein.jpg\"><img decoding=\"async\" class=\"alignleft size-medium wp-image-4097\" src=\"https:\/\/www.brettl.at\/wp-content\/uploads\/2023\/11\/Frau-sein-300x209.jpg\" alt=\"\" width=\"300\" height=\"209\" srcset=\"https:\/\/www.brettl.at\/wp-content\/uploads\/2023\/11\/Frau-sein-200x139.jpg 200w, https:\/\/www.brettl.at\/wp-content\/uploads\/2023\/11\/Frau-sein-300x209.jpg 300w, https:\/\/www.brettl.at\/wp-content\/uploads\/2023\/11\/Frau-sein-400x279.jpg 400w, https:\/\/www.brettl.at\/wp-content\/uploads\/2023\/11\/Frau-sein-600x418.jpg 600w, https:\/\/www.brettl.at\/wp-content\/uploads\/2023\/11\/Frau-sein.jpg 640w\" sizes=\"(max-width: 300px) 100vw, 300px\" \/><\/a>In einer Dokumentation 1977 zeigte der ORF ein Bild von burgenl\u00e4ndischen \u201ePendlerfrauen\u201c, das so mancher Frau nicht gerecht wurde. Eine Frau aus Pinkafeld, die ihre Lebenslage durch Flexibilit\u00e4t, Flei\u00df und Konsequenz meisterte, forderte in einem Leserbrief, dass der ORF ein anderes Bild von burgenl\u00e4ndischen Frauen zeigen sollte:<br \/>\n\u201eDie burgenl\u00e4ndische Frau, die am 6. M\u00e4rz im Fernsehen gezeigt wurde, kann man nur bedauern, wenn sie um einen Stundenlohn von 20 Schilling arbeitet. Diesen Arbeitgeber m\u00fc\u00dfte man sich genauer ansehen. Pinkafeld ist auch keine Goldgrube, aber immerhin verdient eine Abw\u00e4scherin zwischen 25 und 30 Schilling pro Stunde.<br \/>\nUnd warum sollen wir arm sein, nur weil unsere M\u00e4nner in Wien arbeiten? Ich habe zw\u00f6lf Kinder geboren, davon sind f\u00fcnf schon verheiratet. Zuhause wohnen noch sechs und zwei Enkelkinder, zwei sind Lehrlinge und sechs sind Sch\u00fcler. Ich arbeite 40 Stunden pro Woche als Krankenpflegerin. Wenn ich um 15 Uhr nach Hause komme, wird gekocht, gewaschen oder geb\u00fcgelt. Aber deswegen habe ich auch eine Freizeit. Ich gehe gerne ins Hallenbad und bin beim Roten Kreuz aktiv.<br \/>\nAn einen Urlaub habe ich zwar noch nicht gedacht, aber am Wochenende sind wir eine gl\u00fcckliche Familie. Ich m\u00f6chte das Fernsehen einmal zu mir einladen, um auch eine Pendlerfamilie zu zeigen. Frau X, Pinkafeld\u201c<br \/>\n(BF vom 30. M\u00e4rz 1977, S. 14)<\/p>\n<\/div><\/div><\/div><\/div><\/div>\n","protected":false},"excerpt":{"rendered":"","protected":false},"author":3,"featured_media":4097,"comment_status":"open","ping_status":"open","sticky":false,"template":"","format":"standard","meta":{"footnotes":""},"categories":[285,41],"tags":[85],"class_list":["post-4096","post","type-post","status-publish","format-standard","has-post-thumbnail","hentry","category-285","category-soziales","tag-pinkafeld"],"_links":{"self":[{"href":"https:\/\/www.brettl.at\/blog\/wp-json\/wp\/v2\/posts\/4096","targetHints":{"allow":["GET"]}}],"collection":[{"href":"https:\/\/www.brettl.at\/blog\/wp-json\/wp\/v2\/posts"}],"about":[{"href":"https:\/\/www.brettl.at\/blog\/wp-json\/wp\/v2\/types\/post"}],"author":[{"embeddable":true,"href":"https:\/\/www.brettl.at\/blog\/wp-json\/wp\/v2\/users\/3"}],"replies":[{"embeddable":true,"href":"https:\/\/www.brettl.at\/blog\/wp-json\/wp\/v2\/comments?post=4096"}],"version-history":[{"count":3,"href":"https:\/\/www.brettl.at\/blog\/wp-json\/wp\/v2\/posts\/4096\/revisions"}],"predecessor-version":[{"id":4809,"href":"https:\/\/www.brettl.at\/blog\/wp-json\/wp\/v2\/posts\/4096\/revisions\/4809"}],"wp:featuredmedia":[{"embeddable":true,"href":"https:\/\/www.brettl.at\/blog\/wp-json\/wp\/v2\/media\/4097"}],"wp:attachment":[{"href":"https:\/\/www.brettl.at\/blog\/wp-json\/wp\/v2\/media?parent=4096"}],"wp:term":[{"taxonomy":"category","embeddable":true,"href":"https:\/\/www.brettl.at\/blog\/wp-json\/wp\/v2\/categories?post=4096"},{"taxonomy":"post_tag","embeddable":true,"href":"https:\/\/www.brettl.at\/blog\/wp-json\/wp\/v2\/tags?post=4096"}],"curies":[{"name":"wp","href":"https:\/\/api.w.org\/{rel}","templated":true}]}}