{"id":4112,"date":"2023-12-10T09:48:26","date_gmt":"2023-12-10T08:48:26","guid":{"rendered":"https:\/\/www.brettl.at\/blog\/?p=4112"},"modified":"2024-09-02T18:30:38","modified_gmt":"2024-09-02T16:30:38","slug":"mit-sense-und-sichel","status":"publish","type":"post","link":"https:\/\/www.brettl.at\/blog\/mit-sense-und-sichel\/","title":{"rendered":"Mit Sense und Sichel"},"content":{"rendered":"<div class=\"fusion-fullwidth fullwidth-box fusion-builder-row-1 fusion-flex-container nonhundred-percent-fullwidth non-hundred-percent-height-scrolling\" style=\"--awb-border-radius-top-left:0px;--awb-border-radius-top-right:0px;--awb-border-radius-bottom-right:0px;--awb-border-radius-bottom-left:0px;--awb-flex-wrap:wrap;\" ><div class=\"fusion-builder-row fusion-row fusion-flex-align-items-flex-start fusion-flex-content-wrap\" style=\"max-width:1100.32px;margin-left: calc(-4% \/ 2 );margin-right: calc(-4% \/ 2 );\"><div class=\"fusion-layout-column fusion_builder_column fusion-builder-column-0 fusion_builder_column_1_1 1_1 fusion-flex-column\" style=\"--awb-bg-size:cover;--awb-width-large:100%;--awb-margin-top-large:0px;--awb-spacing-right-large:1.92%;--awb-margin-bottom-large:0px;--awb-spacing-left-large:1.92%;--awb-width-medium:100%;--awb-spacing-right-medium:1.92%;--awb-spacing-left-medium:1.92%;--awb-width-small:100%;--awb-spacing-right-small:1.92%;--awb-spacing-left-small:1.92%;\"><div class=\"fusion-column-wrapper fusion-flex-justify-content-flex-start fusion-content-layout-column\"><div class=\"fusion-text fusion-text-1\"><p>W\u00e4hrend des Krieges bestand in der Landwirtschaft die Zwangswirtschaft, wobei mittels Lebensmittelkarten und Bezugsscheinen die Versorgung geregelt wurde. Wohl blieb die Zwangswirtschaft nach dem Kriege in der Besatzungszeit bestehen, doch die Ausgangslage verschlechterte sich durch die Kriegsereignisse w\u00e4hrend des Einmarsches erheblich. Der Viehbestand und die Lebensmittelvorr\u00e4te wurden durch die Requirierungen der deutschen Wehrmacht und der Roten Armee und durch die Pl\u00fcnderungen derartig reduziert, dass die Selbstversorgung empfindlich gest\u00f6rt und die Bewirtschaftung der Felder nur sehr eingeschr\u00e4nkt m\u00f6glich war. Da das Burgenland in den ersten Monaten nach der Befreiung keine westlichen Hilfslieferungen erhielt, war man auf sowjetische Hilfsleistungen angewiesen, die jedoch nicht ausreichend waren. Der Bev\u00f6lkerung und den Beh\u00f6rden war bewusst, dass sie sich selbst organisieren und versorgen mussten. Der B\u00fcrgermeister von Eisenstadt und Bezirksvorsteher rief vor der Ernte zur Zusammenarbeit aller auf:<br \/>\n<a href=\"https:\/\/www.brettl.at\/wp-content\/uploads\/2023\/12\/Sense.jpg\"><img decoding=\"async\" class=\"alignleft size-medium wp-image-4113\" src=\"https:\/\/www.brettl.at\/wp-content\/uploads\/2023\/12\/Sense-300x181.jpg\" alt=\"\" width=\"300\" height=\"181\" srcset=\"https:\/\/www.brettl.at\/wp-content\/uploads\/2023\/12\/Sense-200x121.jpg 200w, https:\/\/www.brettl.at\/wp-content\/uploads\/2023\/12\/Sense-300x181.jpg 300w, https:\/\/www.brettl.at\/wp-content\/uploads\/2023\/12\/Sense-400x241.jpg 400w, https:\/\/www.brettl.at\/wp-content\/uploads\/2023\/12\/Sense-600x362.jpg 600w, https:\/\/www.brettl.at\/wp-content\/uploads\/2023\/12\/Sense.jpg 640w\" sizes=\"(max-width: 300px) 100vw, 300px\" \/><\/a>Der beauftragte B\u00fcrgermeister f\u00fcr Eisenstadt und Bezirk. An alle Ortsvorsteher des Bezirkes Eisenstadt, am 14. Juni 1945.<br \/>\nWir stehen vor der Ernte. Es ist unsere heilige Pflicht unsere ganze Kraft in den Dienst der Sicherung der Volksern\u00e4hrung zu setzen. Die Gemeindevorstehung soll schon jetzt die notwendigen Vorarbeiten betreiben, dass zur gegebenen Zeit die Ernte rasch hereingebracht werden k\u00f6nne. Nachbargemeinden sollen einander beistehen, denn nur Selbsthilfe kann uns vor schweren Sch\u00e4den bewahren.\u00a0Wie ich aus mehreren Besprechungen mit dem Ortskommandanten entnehmen konnte, besteht wenig Hoffnung darauf, dass die Landwirtschaft zeitgerecht die notwendigen Maschinen, Betriebsstoffe usw. erhalten wird. Wir sind auf unsere eigene Kraft angewiesen, wieder mit Sense und Sichel zu ernten und mit Handmaschinen den Drusch zu besorgen. Es wird eine harte Arbeit sein, aber unsere brave Burgenl\u00e4nder werden auch diese Aufgabe restlos l\u00f6sen.\u00a0Etwas Vorrat an Ger\u00e4ten d\u00fcrfte in Eisenstadt noch aufzutreiben sein. Die Nachfrage nach Pferdegeschirr, W\u00e4gen, Motore ist aber bis auf weiteres zwecklos.<br \/>\nDer beauftragte B\u00fcrgermeister f\u00fcr Eisenstadt und Bezirk Franz Elek.\u201c<br \/>\n(BLA, Ereignisse 1945 \u2013 1955. Bezirk Eisenstadt)<\/p>\n<\/div><\/div><\/div><\/div><\/div>\n","protected":false},"excerpt":{"rendered":"<p>W\u00e4hrend des Krieges bestand in der Landwirtschaft die Zwangswirtschaft, wobei mittels Lebensmittelkarten und Bezugsscheinen die Versorgung geregelt wurde. <\/p>\n","protected":false},"author":3,"featured_media":4113,"comment_status":"open","ping_status":"open","sticky":false,"template":"","format":"standard","meta":{"footnotes":""},"categories":[285,69],"tags":[54],"class_list":["post-4112","post","type-post","status-publish","format-standard","has-post-thumbnail","hentry","category-285","category-besatzungszeit","tag-eisenstadt"],"_links":{"self":[{"href":"https:\/\/www.brettl.at\/blog\/wp-json\/wp\/v2\/posts\/4112","targetHints":{"allow":["GET"]}}],"collection":[{"href":"https:\/\/www.brettl.at\/blog\/wp-json\/wp\/v2\/posts"}],"about":[{"href":"https:\/\/www.brettl.at\/blog\/wp-json\/wp\/v2\/types\/post"}],"author":[{"embeddable":true,"href":"https:\/\/www.brettl.at\/blog\/wp-json\/wp\/v2\/users\/3"}],"replies":[{"embeddable":true,"href":"https:\/\/www.brettl.at\/blog\/wp-json\/wp\/v2\/comments?post=4112"}],"version-history":[{"count":3,"href":"https:\/\/www.brettl.at\/blog\/wp-json\/wp\/v2\/posts\/4112\/revisions"}],"predecessor-version":[{"id":4116,"href":"https:\/\/www.brettl.at\/blog\/wp-json\/wp\/v2\/posts\/4112\/revisions\/4116"}],"wp:featuredmedia":[{"embeddable":true,"href":"https:\/\/www.brettl.at\/blog\/wp-json\/wp\/v2\/media\/4113"}],"wp:attachment":[{"href":"https:\/\/www.brettl.at\/blog\/wp-json\/wp\/v2\/media?parent=4112"}],"wp:term":[{"taxonomy":"category","embeddable":true,"href":"https:\/\/www.brettl.at\/blog\/wp-json\/wp\/v2\/categories?post=4112"},{"taxonomy":"post_tag","embeddable":true,"href":"https:\/\/www.brettl.at\/blog\/wp-json\/wp\/v2\/tags?post=4112"}],"curies":[{"name":"wp","href":"https:\/\/api.w.org\/{rel}","templated":true}]}}