{"id":4118,"date":"2023-12-17T08:04:58","date_gmt":"2023-12-17T07:04:58","guid":{"rendered":"https:\/\/www.brettl.at\/blog\/?p=4118"},"modified":"2024-09-02T18:30:33","modified_gmt":"2024-09-02T16:30:33","slug":"weihnachtswuensche-der-burgenlaender","status":"publish","type":"post","link":"https:\/\/www.brettl.at\/blog\/weihnachtswuensche-der-burgenlaender\/","title":{"rendered":"Weihnachtsw\u00fcnsche der Burgenl\u00e4nder"},"content":{"rendered":"<div class=\"fusion-fullwidth fullwidth-box fusion-builder-row-1 fusion-flex-container nonhundred-percent-fullwidth non-hundred-percent-height-scrolling\" style=\"--awb-border-radius-top-left:0px;--awb-border-radius-top-right:0px;--awb-border-radius-bottom-right:0px;--awb-border-radius-bottom-left:0px;--awb-flex-wrap:wrap;\" ><div class=\"fusion-builder-row fusion-row fusion-flex-align-items-flex-start fusion-flex-content-wrap\" style=\"max-width:1100.32px;margin-left: calc(-4% \/ 2 );margin-right: calc(-4% \/ 2 );\"><div class=\"fusion-layout-column fusion_builder_column fusion-builder-column-0 fusion_builder_column_1_1 1_1 fusion-flex-column\" style=\"--awb-bg-size:cover;--awb-width-large:100%;--awb-margin-top-large:0px;--awb-spacing-right-large:1.92%;--awb-margin-bottom-large:0px;--awb-spacing-left-large:1.92%;--awb-width-medium:100%;--awb-spacing-right-medium:1.92%;--awb-spacing-left-medium:1.92%;--awb-width-small:100%;--awb-spacing-right-small:1.92%;--awb-spacing-left-small:1.92%;\"><div class=\"fusion-column-wrapper fusion-flex-justify-content-flex-start fusion-content-layout-column\"><div class=\"fusion-text fusion-text-1\"><p>Die erste Landtagswahl vom 25. November 1945 brachte der Kommunistischen Partei im Burgenland erstmals in der Geschichte einen Sitz im 32-k\u00f6pfigen burgenl\u00e4ndischen Landtag. Es entfielen auf die Partei 3,26 Prozent oder 4.291 Stimmen, was aber sicherlich eine Entt\u00e4uschung war. Dieses Mandat konnte bei der Wahl 1949 nicht verteidigt werden. Die zentralen Themen der KP\u00d6 waren eine Bodenreform zugunsten der Klein- und Kleinstbauern im Burgenland, die unmittelbar mit dem Kampf gegen die Gro\u00dfgrundbesitzer, insbesondere die Esterh\u00e1zy, verbunden war, und die Schaffung neuer Arbeitspl\u00e4tze, um die Abwanderung burgenl\u00e4ndischer Arbeitskr\u00e4fte aus dem Land einzud\u00e4mmen. Diese Forderungen wurden von der Wochenzeitung der KP\u00d6 Burgenland \u201eFreies Burgenland\u201c aufgegriffen und mit der Weihnachtszeit verkn\u00fcpft:<br \/>\n<a href=\"https:\/\/www.brettl.at\/wp-content\/uploads\/2023\/12\/DSC_9752-Kopie.jpg\"><img decoding=\"async\" class=\"alignleft size-medium wp-image-4119\" src=\"https:\/\/www.brettl.at\/wp-content\/uploads\/2023\/12\/DSC_9752-Kopie-300x188.jpg\" alt=\"\" width=\"300\" height=\"188\" srcset=\"https:\/\/www.brettl.at\/wp-content\/uploads\/2023\/12\/DSC_9752-Kopie-200x125.jpg 200w, https:\/\/www.brettl.at\/wp-content\/uploads\/2023\/12\/DSC_9752-Kopie-300x188.jpg 300w, https:\/\/www.brettl.at\/wp-content\/uploads\/2023\/12\/DSC_9752-Kopie-320x202.jpg 320w, https:\/\/www.brettl.at\/wp-content\/uploads\/2023\/12\/DSC_9752-Kopie-400x251.jpg 400w, https:\/\/www.brettl.at\/wp-content\/uploads\/2023\/12\/DSC_9752-Kopie-600x376.jpg 600w, https:\/\/www.brettl.at\/wp-content\/uploads\/2023\/12\/DSC_9752-Kopie-700x441.jpg 700w, https:\/\/www.brettl.at\/wp-content\/uploads\/2023\/12\/DSC_9752-Kopie-768x481.jpg 768w, https:\/\/www.brettl.at\/wp-content\/uploads\/2023\/12\/DSC_9752-Kopie-800x502.jpg 800w, https:\/\/www.brettl.at\/wp-content\/uploads\/2023\/12\/DSC_9752-Kopie-1024x642.jpg 1024w, https:\/\/www.brettl.at\/wp-content\/uploads\/2023\/12\/DSC_9752-Kopie.jpg 1040w\" sizes=\"(max-width: 300px) 100vw, 300px\" \/><\/a>\u201e<em>Der Weihnachtswunsch der Burgenl\u00e4nder<br \/>\n<\/em><em>Weihnachten, das Fest der Familie, f\u00fchrt auch die Burgenl\u00e4nder, die das ganze Jahr fern der Heimat und fern der Familie arbeiten m\u00fcssen, wieder zur\u00fcck ins heimatliche Dorf. Die kalte Jahreszeit hat die Arbeit auf dem Bauplatz ein Ende gesetzt: der Bauarbeiter kommt nach Hause. Die Felder des Gro\u00dfgrundbesitzers sind kahl und leer: der landwirtschaftliche Saisonarbeiter ist wieder daheim. Die junge Burgenl\u00e4nderin, die nicht zu Hause bleiben konnte, weil der schmale Acker nicht Brot genug gab f\u00fcr die ganze Familie, und die in die Stadt \u201ein den Dienst\u201c gehen mu\u00dfte, ist f\u00fcr ein paar Tage wieder bei Eltern und Geschwistern.<br \/>\n<\/em><em>Nun sitzen sie daheim im Kreise der Lieben um den Christbaum, und die Gedanken gehen zur\u00fcck durch das harte, arbeitsreiche Jahr. Viele W\u00fcnsche werden wach und ausgesprochen, aber ein Wunsch, der Herzenswunsch der gr\u00f6\u00dfte Weihnachtswunsch, ist in den Herzen all dieser einfachen, flei\u00dfigen und arbeitsgewohnten Burgenl\u00e4nder gleich: sie m\u00f6chten zu Hause bleiben k\u00f6nnen, nicht mehr fort m\u00fcssen in die Stadt, nicht mehr auf einen Bauplatz fern der Heimat, nicht mehr auf einen fremden Acker.<br \/>\n<\/em><em>Ist dieser Wunsch so vermessen, so gro\u00df, als da\u00df er nicht erf\u00fcllt werden k\u00f6nnte? Ist es wirklich so, da\u00df all die Wander- und Saisonarbeiter, als die Haushaltsgehilfinnen aus unserem Land, auf ewig dazu verurteilt sind, die Heimat zu verlassen, und irgendwo ihr Brot zu suchen? Kann ihr Weihnachtswunsch nie in Erf\u00fcllung gehen?<br \/>\n<\/em><em>Nein, weder ist ihr Wunsch zu unbescheiden noch ist er unerf\u00fcllbar. Es geht nur darum, die reichen Sch\u00e4tze, die unser Land hat, die Sch\u00e4tze unter seiner Erde und die fruchtbaren Felder des Landes, zu erschlie\u00dfen, die f\u00fcr alle nutzbar und nutzbringend zu machen. Dann gibt und g\u00e4be es Arbeit genug f\u00fcr alle. Dann m\u00fc\u00dften sie nicht mehr nach Salzburg, nach Tirol und in die Schweiz, dann w\u00fcrde die Arbeitskraft der Burgenl\u00e4nder in der Heimat gebraucht werden; wenn der Boden dem geh\u00f6ren wird, der ihn bebaut, dann wird Platz und Brot genug f\u00fcr alle, die zu Hause leben und arbeiten wollen.<br \/>\n<\/em><em>Wenn alle Burgenl\u00e4nder, die nun zu Hause bei ihren Familien um den Weihnachtstisch sitzen und ihre W\u00fcnsche f\u00fcr die Zukunft laut werden lassen, ihren Teil beitragen, um ihren Weihnachtswunsch Wirklichkeit werden zu lassen, dann werden sie die Fr\u00fcchte seiner Erf\u00fcllung genie\u00dfen k\u00f6nnen. Und dann werden die kommenden Weihnachtsfeste noch froher und gl\u00fccklicher sein.\u201c<\/em> (Freies Burgenland vom 27. Dezember 1953)<\/p>\n<\/div><\/div><\/div><\/div><\/div>\n","protected":false},"excerpt":{"rendered":"<p>Die Landtagswahl vom 25. November 1945 brachte der Kommunistischen Partei im Burgenland  einen Sitz  burgenl\u00e4ndischen Landtag. <\/p>\n","protected":false},"author":3,"featured_media":4119,"comment_status":"open","ping_status":"open","sticky":false,"template":"","format":"standard","meta":{"footnotes":""},"categories":[285,69,41],"tags":[],"class_list":["post-4118","post","type-post","status-publish","format-standard","has-post-thumbnail","hentry","category-285","category-besatzungszeit","category-soziales"],"_links":{"self":[{"href":"https:\/\/www.brettl.at\/blog\/wp-json\/wp\/v2\/posts\/4118","targetHints":{"allow":["GET"]}}],"collection":[{"href":"https:\/\/www.brettl.at\/blog\/wp-json\/wp\/v2\/posts"}],"about":[{"href":"https:\/\/www.brettl.at\/blog\/wp-json\/wp\/v2\/types\/post"}],"author":[{"embeddable":true,"href":"https:\/\/www.brettl.at\/blog\/wp-json\/wp\/v2\/users\/3"}],"replies":[{"embeddable":true,"href":"https:\/\/www.brettl.at\/blog\/wp-json\/wp\/v2\/comments?post=4118"}],"version-history":[{"count":3,"href":"https:\/\/www.brettl.at\/blog\/wp-json\/wp\/v2\/posts\/4118\/revisions"}],"predecessor-version":[{"id":4807,"href":"https:\/\/www.brettl.at\/blog\/wp-json\/wp\/v2\/posts\/4118\/revisions\/4807"}],"wp:featuredmedia":[{"embeddable":true,"href":"https:\/\/www.brettl.at\/blog\/wp-json\/wp\/v2\/media\/4119"}],"wp:attachment":[{"href":"https:\/\/www.brettl.at\/blog\/wp-json\/wp\/v2\/media?parent=4118"}],"wp:term":[{"taxonomy":"category","embeddable":true,"href":"https:\/\/www.brettl.at\/blog\/wp-json\/wp\/v2\/categories?post=4118"},{"taxonomy":"post_tag","embeddable":true,"href":"https:\/\/www.brettl.at\/blog\/wp-json\/wp\/v2\/tags?post=4118"}],"curies":[{"name":"wp","href":"https:\/\/api.w.org\/{rel}","templated":true}]}}