{"id":4123,"date":"2023-12-26T18:09:08","date_gmt":"2023-12-26T17:09:08","guid":{"rendered":"https:\/\/www.brettl.at\/blog\/?p=4123"},"modified":"2024-09-02T18:30:27","modified_gmt":"2024-09-02T16:30:27","slug":"der-echte-apetloner","status":"publish","type":"post","link":"https:\/\/www.brettl.at\/blog\/der-echte-apetloner\/","title":{"rendered":"Der echte Apetloner"},"content":{"rendered":"<div class=\"fusion-fullwidth fullwidth-box fusion-builder-row-1 fusion-flex-container nonhundred-percent-fullwidth non-hundred-percent-height-scrolling\" style=\"--awb-border-radius-top-left:0px;--awb-border-radius-top-right:0px;--awb-border-radius-bottom-right:0px;--awb-border-radius-bottom-left:0px;--awb-flex-wrap:wrap;\" ><div class=\"fusion-builder-row fusion-row fusion-flex-align-items-flex-start fusion-flex-content-wrap\" style=\"max-width:1100.32px;margin-left: calc(-4% \/ 2 );margin-right: calc(-4% \/ 2 );\"><div class=\"fusion-layout-column fusion_builder_column fusion-builder-column-0 fusion_builder_column_1_1 1_1 fusion-flex-column\" style=\"--awb-bg-size:cover;--awb-width-large:100%;--awb-margin-top-large:0px;--awb-spacing-right-large:1.92%;--awb-margin-bottom-large:0px;--awb-spacing-left-large:1.92%;--awb-width-medium:100%;--awb-spacing-right-medium:1.92%;--awb-spacing-left-medium:1.92%;--awb-width-small:100%;--awb-spacing-right-small:1.92%;--awb-spacing-left-small:1.92%;\"><div class=\"fusion-column-wrapper fusion-flex-justify-content-flex-start fusion-content-layout-column\"><div class=\"fusion-text fusion-text-1\"><p>So manch burgenl\u00e4ndisches Dorf hat seine Eigenheiten. Charakteristische Sprachmerkmale sind vielfach deutlich wahrnehmbar. Gibt es auch spezielle Attribute, die den Bewohnern zugeschrieben werden k\u00f6nnen? Eine Bewohnerin aus Apetlon beschreibt diese in ihrer Hausarbeit:<br \/>\n<a href=\"https:\/\/www.brettl.at\/wp-content\/uploads\/2023\/12\/um-1940.jpg\"><img decoding=\"async\" class=\"alignleft size-medium wp-image-4124\" src=\"https:\/\/www.brettl.at\/wp-content\/uploads\/2023\/12\/um-1940-300x189.jpg\" alt=\"\" width=\"300\" height=\"189\" srcset=\"https:\/\/www.brettl.at\/wp-content\/uploads\/2023\/12\/um-1940-200x126.jpg 200w, https:\/\/www.brettl.at\/wp-content\/uploads\/2023\/12\/um-1940-300x189.jpg 300w, https:\/\/www.brettl.at\/wp-content\/uploads\/2023\/12\/um-1940-320x202.jpg 320w, https:\/\/www.brettl.at\/wp-content\/uploads\/2023\/12\/um-1940-400x252.jpg 400w, https:\/\/www.brettl.at\/wp-content\/uploads\/2023\/12\/um-1940-600x378.jpg 600w, https:\/\/www.brettl.at\/wp-content\/uploads\/2023\/12\/um-1940-700x441.jpg 700w, https:\/\/www.brettl.at\/wp-content\/uploads\/2023\/12\/um-1940-768x483.jpg 768w, https:\/\/www.brettl.at\/wp-content\/uploads\/2023\/12\/um-1940-800x504.jpg 800w, https:\/\/www.brettl.at\/wp-content\/uploads\/2023\/12\/um-1940-1024x645.jpg 1024w, https:\/\/www.brettl.at\/wp-content\/uploads\/2023\/12\/um-1940-1200x755.jpg 1200w, https:\/\/www.brettl.at\/wp-content\/uploads\/2023\/12\/um-1940-1536x967.jpg 1536w, https:\/\/www.brettl.at\/wp-content\/uploads\/2023\/12\/um-1940.jpg 1625w\" sizes=\"(max-width: 300px) 100vw, 300px\" \/><\/a>\u201eDen reinen Typen eines \u201aechten Apetloners\u2018 kann man nur mehr sehr selten finden, denn durch Ab- und Zuwanderungen wurden so manche seelische als auch k\u00f6rperliche Eigenheiten \u00fcberdeckt und verdr\u00e4ngt. Beg\u00fcnstigt wurde dies durch die Lage an der ungarischen Grenze. In einem echten Apetloner tritt uns ein breitschultriger, muskul\u00f6ser, grobknochiger Mann entgegen. Seine Gr\u00f6\u00dfe reicht kaum \u00fcber das Mittel hinaus. Trotz des festen Baues findet man nur selten einen Fettansatz. Die Farbe der Augen und der Haare ist mannigfaltig. Ein feiner Zug, der wohl allen Generationen anhaftet, ist eine gewisse Musikalit\u00e4t und Sangesfreude. [&#8230;] Mit den meisten Nachbargemeinden herrscht ein gutes Einvernehmen. Nur mit Illmitz fehlt der richtige Kontakt, was vielleicht auf Gegenseitigkeit beruht.&#8221; (Anna H. \u00dcber die siedlungsgeschichtliche Entwicklung ihres Schulortes Apetlon. Hausarbeit, Burgenl\u00e4ndische Landesbibliothek)<\/p>\n<\/div><\/div><\/div><\/div><\/div>\n","protected":false},"excerpt":{"rendered":"<p>So manch burgenl\u00e4ndisches Dorf hat seine Eigenheiten. <\/p>\n","protected":false},"author":3,"featured_media":4124,"comment_status":"open","ping_status":"open","sticky":false,"template":"","format":"standard","meta":{"footnotes":""},"categories":[285,41],"tags":[70],"class_list":["post-4123","post","type-post","status-publish","format-standard","has-post-thumbnail","hentry","category-285","category-soziales","tag-apetlon"],"_links":{"self":[{"href":"https:\/\/www.brettl.at\/blog\/wp-json\/wp\/v2\/posts\/4123","targetHints":{"allow":["GET"]}}],"collection":[{"href":"https:\/\/www.brettl.at\/blog\/wp-json\/wp\/v2\/posts"}],"about":[{"href":"https:\/\/www.brettl.at\/blog\/wp-json\/wp\/v2\/types\/post"}],"author":[{"embeddable":true,"href":"https:\/\/www.brettl.at\/blog\/wp-json\/wp\/v2\/users\/3"}],"replies":[{"embeddable":true,"href":"https:\/\/www.brettl.at\/blog\/wp-json\/wp\/v2\/comments?post=4123"}],"version-history":[{"count":3,"href":"https:\/\/www.brettl.at\/blog\/wp-json\/wp\/v2\/posts\/4123\/revisions"}],"predecessor-version":[{"id":4806,"href":"https:\/\/www.brettl.at\/blog\/wp-json\/wp\/v2\/posts\/4123\/revisions\/4806"}],"wp:featuredmedia":[{"embeddable":true,"href":"https:\/\/www.brettl.at\/blog\/wp-json\/wp\/v2\/media\/4124"}],"wp:attachment":[{"href":"https:\/\/www.brettl.at\/blog\/wp-json\/wp\/v2\/media?parent=4123"}],"wp:term":[{"taxonomy":"category","embeddable":true,"href":"https:\/\/www.brettl.at\/blog\/wp-json\/wp\/v2\/categories?post=4123"},{"taxonomy":"post_tag","embeddable":true,"href":"https:\/\/www.brettl.at\/blog\/wp-json\/wp\/v2\/tags?post=4123"}],"curies":[{"name":"wp","href":"https:\/\/api.w.org\/{rel}","templated":true}]}}