{"id":4131,"date":"2024-01-07T07:40:45","date_gmt":"2024-01-07T06:40:45","guid":{"rendered":"https:\/\/www.brettl.at\/blog\/?p=4131"},"modified":"2024-09-02T18:29:35","modified_gmt":"2024-09-02T16:29:35","slug":"gauleiter-ausgelacht-und-ausgepfiffen","status":"publish","type":"post","link":"https:\/\/www.brettl.at\/blog\/gauleiter-ausgelacht-und-ausgepfiffen\/","title":{"rendered":"Gauleiter ausgelacht und ausgepfiffen"},"content":{"rendered":"<div class=\"fusion-fullwidth fullwidth-box fusion-builder-row-1 fusion-flex-container nonhundred-percent-fullwidth non-hundred-percent-height-scrolling\" style=\"--awb-border-radius-top-left:0px;--awb-border-radius-top-right:0px;--awb-border-radius-bottom-right:0px;--awb-border-radius-bottom-left:0px;--awb-flex-wrap:wrap;\" ><div class=\"fusion-builder-row fusion-row fusion-flex-align-items-flex-start fusion-flex-content-wrap\" style=\"max-width:1100.32px;margin-left: calc(-4% \/ 2 );margin-right: calc(-4% \/ 2 );\"><div class=\"fusion-layout-column fusion_builder_column fusion-builder-column-0 fusion_builder_column_1_1 1_1 fusion-flex-column\" style=\"--awb-bg-size:cover;--awb-width-large:100%;--awb-margin-top-large:0px;--awb-spacing-right-large:1.92%;--awb-margin-bottom-large:0px;--awb-spacing-left-large:1.92%;--awb-width-medium:100%;--awb-spacing-right-medium:1.92%;--awb-spacing-left-medium:1.92%;--awb-width-small:100%;--awb-spacing-right-small:1.92%;--awb-spacing-left-small:1.92%;\"><div class=\"fusion-column-wrapper fusion-flex-justify-content-flex-start fusion-content-layout-column\"><div class=\"fusion-text fusion-text-1\"><p>Die Nationalsozialisten aus Wallern kehrten in der Nacht des 11. M\u00e4rz nach der Macht\u00fcbernahme in Eisenstadt jubelnd in ihren Heimatort zur\u00fcck. Am Bahnhof angekommen, st\u00fcrmten die NS-M\u00e4nner das \u00f6rtliche Gemeindeamt, warfen die Fensterscheiben ein, durchsuchten die Amtsr\u00e4ume und pflanzten die NS-Fahne auf. Die abgesetzten ehemaligen Ortsverantwortlichen wurden verhaftet. In den folgenden Tagen war im Ort die Begeisterung gro\u00df. Aufm\u00e4rsche und Fackelz\u00fcge unter Anwesenheit gro\u00dfer Bev\u00f6lkerungsteile wurden feierlich begangen. Bei der \u201eVolksabstimmung\u201c am 10. April 1938 stimmten alle Wahlberechtigten mit \u201eJa\u201c.<br \/>\nSieben Jahre sp\u00e4ter war die Begeisterung verflogen. Krieg, Entbehrungen, gefallene Angeh\u00f6rige, Niederlagen und der drohende Einmarsch der Roten Armee hatten die Zustimmung zum NS-System schwinden lassen. Als nun im Dezember 1944 die Bev\u00f6lkerung evakuiert werden sollte, stellten sich viele Bewohner gegen die NS-Herrscher. Dies ist aus einem Brief einer Wallenerin an ihren Bruder an der Front zu entnehmen:<\/p>\n<div id=\"attachment_4132\" style=\"width: 273px\" class=\"wp-caption alignleft\"><a href=\"https:\/\/www.brettl.at\/wp-content\/uploads\/2024\/01\/wallern-vor-der-Abstimmung-im-April-1938.jpg\"><img decoding=\"async\" aria-describedby=\"caption-attachment-4132\" class=\"size-medium wp-image-4132\" src=\"https:\/\/www.brettl.at\/wp-content\/uploads\/2024\/01\/wallern-vor-der-Abstimmung-im-April-1938-263x300.jpg\" alt=\"\" width=\"263\" height=\"300\" srcset=\"https:\/\/www.brettl.at\/wp-content\/uploads\/2024\/01\/wallern-vor-der-Abstimmung-im-April-1938-200x228.jpg 200w, https:\/\/www.brettl.at\/wp-content\/uploads\/2024\/01\/wallern-vor-der-Abstimmung-im-April-1938-263x300.jpg 263w, https:\/\/www.brettl.at\/wp-content\/uploads\/2024\/01\/wallern-vor-der-Abstimmung-im-April-1938-400x457.jpg 400w, https:\/\/www.brettl.at\/wp-content\/uploads\/2024\/01\/wallern-vor-der-Abstimmung-im-April-1938-600x685.jpg 600w, https:\/\/www.brettl.at\/wp-content\/uploads\/2024\/01\/wallern-vor-der-Abstimmung-im-April-1938-768x877.jpg 768w, https:\/\/www.brettl.at\/wp-content\/uploads\/2024\/01\/wallern-vor-der-Abstimmung-im-April-1938-800x913.jpg 800w, https:\/\/www.brettl.at\/wp-content\/uploads\/2024\/01\/wallern-vor-der-Abstimmung-im-April-1938-897x1024.jpg 897w, https:\/\/www.brettl.at\/wp-content\/uploads\/2024\/01\/wallern-vor-der-Abstimmung-im-April-1938-1200x1370.jpg 1200w, https:\/\/www.brettl.at\/wp-content\/uploads\/2024\/01\/wallern-vor-der-Abstimmung-im-April-1938.jpg 1264w\" sizes=\"(max-width: 263px) 100vw, 263px\" \/><\/a><p id=\"caption-attachment-4132\" class=\"wp-caption-text\">Wallern vor der Abstimmung im April 1938<\/p><\/div>\n<p>\u201eWallern, 18.XII.1944<br \/>\nLiebstes Br\u00fcderlein!<br \/>\nNach l\u00e4ngerer Zeit haben wir heute wieder einen lieben Brief von Dir erhalten, und zwar vom 30.XI. Hast uns damit wieder eine gro\u00dfe Freude gemacht. Du schreibst ja so wenig, dein vorletzter Brief war vom 18.XI. Siehst Du jetzt ein, wie wenig Du schreibst?! Dann will ich Dir noch kurz mitteilen, dass dein Brief vom 30.XI. von der Feldpostpr\u00fcfstelle ge\u00f6ffnet und gepr\u00fcft war. Es war ja nichts dahinter, blos wo Du uns geschrieben hast, wo du zirka bist, das war weggestrichen.[\u2026] Wie es zu Hause aussieht, dass m\u00f6chte ich Dir liebes Br\u00fcderlein am liebsten gar nicht schreiben. Es sieht gar ernst und traurig aus. Seit einigen Tagen spricht man \u00fcberhaupt von nichts anderen als dass wir unser Haus und Hof verlassen m\u00fcssen und von unserer Heimat fort m\u00fcssen, denn diese wird zum Kriegsgebiet gemacht. Man spricht es nicht nur, es ist Tatsache! Von uns aus bis Bruck hinauf und nach Eisenstadt hin\u00fcber werden die ganzen Ortschaften evaguiert. [sic!] Du hast keine Ahnung, wie die Bev\u00f6lkerung dagegen ist. Es ist auch leicht zu verstehen. Wohin jetzt mitten im Winter?! Gestern war Gauleiter Juri [sic!] und Kreisleiter usw. hier in Wallern und hielten eine Rede. Was die erlebten, das war noch nie da. Das Gegenteil von 1938. Sie wurden ausgelacht und ausgepfiffen. Kannst du Dir das vorstellen? So war es in jeder Gemeinde, in Frauenkirchen war es am \u00e4rgsten. Da lies man sie \u00fcberhaupt nicht zu Wort kommen. Wir sollen uns das Notwendigste auf einen Wagen packen und fort fahren, jetzt mitten im Winter. Was ist denn das Notwendigste??! Und wohin? Wo w\u00e4re denn diese Pl\u00e4tzchen, wo unsere Feinde nicht hinkommen k\u00f6nnten? Denn kommen sie heute nicht, so kommen sie eben morgen auch dahin. Wir haben uns fest entschlossen, wir gehen nicht von zu Hause, mag kommen was will, wir wollen lieber zu Hause sterben als in der fremde vor K\u00e4lte und Hunger elend zugrunde gehen. Ja liebes Br\u00fcderlein, dies ist alles sehr traurig aber sehr wahr. Der liebe Gott im Himmel m\u00f6ge dieses Unheil von uns abwenden. Mache Dir aber keine Sorge, es hilft ja alles nichts. Wie es auch kommen mag Br\u00fcderlein, es kommt ja von oben. F\u00fcr diesmal will ich nun wieder schliessen.<br \/>\nBleibe gesund und schreibe nur \u00f6fters!<br \/>\nRecht liebe Gr\u00fcsse von uns allen.<br \/>\nDeine Schwester Julianna<br \/>\nP.S.: Hast du Deine Weihnachtsp\u00e4ckchen schon erhalten?\u201c<br \/>\n(Privatsammlung, Edith Unger, Halbturn \u2013 Danke f\u00fcr die \u00dcberlassung der Quelle)<\/p>\n<\/div><\/div><\/div><\/div><\/div>\n","protected":false},"excerpt":{"rendered":"<p>Die Nationalsozialisten aus Wallern kehrten in der Nacht des 11. M\u00e4rz nach der Macht\u00fcbernahme in Eisenstadt jubelnd in ihren Heimatort zur\u00fcck. <\/p>\n","protected":false},"author":3,"featured_media":4132,"comment_status":"open","ping_status":"open","sticky":false,"template":"","format":"standard","meta":{"footnotes":""},"categories":[286,2,48],"tags":[125],"class_list":["post-4131","post","type-post","status-publish","format-standard","has-post-thumbnail","hentry","category-286","category-ii-weltkrieg","category-nationalsozialismus","tag-wallern"],"_links":{"self":[{"href":"https:\/\/www.brettl.at\/blog\/wp-json\/wp\/v2\/posts\/4131","targetHints":{"allow":["GET"]}}],"collection":[{"href":"https:\/\/www.brettl.at\/blog\/wp-json\/wp\/v2\/posts"}],"about":[{"href":"https:\/\/www.brettl.at\/blog\/wp-json\/wp\/v2\/types\/post"}],"author":[{"embeddable":true,"href":"https:\/\/www.brettl.at\/blog\/wp-json\/wp\/v2\/users\/3"}],"replies":[{"embeddable":true,"href":"https:\/\/www.brettl.at\/blog\/wp-json\/wp\/v2\/comments?post=4131"}],"version-history":[{"count":3,"href":"https:\/\/www.brettl.at\/blog\/wp-json\/wp\/v2\/posts\/4131\/revisions"}],"predecessor-version":[{"id":4805,"href":"https:\/\/www.brettl.at\/blog\/wp-json\/wp\/v2\/posts\/4131\/revisions\/4805"}],"wp:featuredmedia":[{"embeddable":true,"href":"https:\/\/www.brettl.at\/blog\/wp-json\/wp\/v2\/media\/4132"}],"wp:attachment":[{"href":"https:\/\/www.brettl.at\/blog\/wp-json\/wp\/v2\/media?parent=4131"}],"wp:term":[{"taxonomy":"category","embeddable":true,"href":"https:\/\/www.brettl.at\/blog\/wp-json\/wp\/v2\/categories?post=4131"},{"taxonomy":"post_tag","embeddable":true,"href":"https:\/\/www.brettl.at\/blog\/wp-json\/wp\/v2\/tags?post=4131"}],"curies":[{"name":"wp","href":"https:\/\/api.w.org\/{rel}","templated":true}]}}