{"id":4179,"date":"2024-03-17T08:39:58","date_gmt":"2024-03-17T07:39:58","guid":{"rendered":"https:\/\/www.brettl.at\/blog\/?p=4179"},"modified":"2024-09-02T18:28:45","modified_gmt":"2024-09-02T16:28:45","slug":"gut-integrierte-juedische-familie-auf-der-flucht","status":"publish","type":"post","link":"https:\/\/www.brettl.at\/blog\/gut-integrierte-juedische-familie-auf-der-flucht\/","title":{"rendered":"Gut integrierte j\u00fcdische Familie auf der Flucht"},"content":{"rendered":"<div class=\"fusion-fullwidth fullwidth-box fusion-builder-row-1 fusion-flex-container nonhundred-percent-fullwidth non-hundred-percent-height-scrolling\" style=\"--awb-border-radius-top-left:0px;--awb-border-radius-top-right:0px;--awb-border-radius-bottom-right:0px;--awb-border-radius-bottom-left:0px;--awb-flex-wrap:wrap;\" ><div class=\"fusion-builder-row fusion-row fusion-flex-align-items-flex-start fusion-flex-content-wrap\" style=\"max-width:1100.32px;margin-left: calc(-4% \/ 2 );margin-right: calc(-4% \/ 2 );\"><div class=\"fusion-layout-column fusion_builder_column fusion-builder-column-0 fusion_builder_column_1_1 1_1 fusion-flex-column\" style=\"--awb-bg-size:cover;--awb-width-large:100%;--awb-margin-top-large:0px;--awb-spacing-right-large:1.92%;--awb-margin-bottom-large:0px;--awb-spacing-left-large:1.92%;--awb-width-medium:100%;--awb-spacing-right-medium:1.92%;--awb-spacing-left-medium:1.92%;--awb-width-small:100%;--awb-spacing-right-small:1.92%;--awb-spacing-left-small:1.92%;\"><div class=\"fusion-column-wrapper fusion-flex-justify-content-flex-start fusion-content-layout-column\"><div class=\"fusion-text fusion-text-1\"><p>Die Familie von Arpad Latzer betrieb in Deutsch Kaltenbrunn eine Gemischtwarenhandlung. Die im Ort sehr angesehene j\u00fcdische Familie wurde nach der Macht\u00fcbernahme der \u00f6rtlichen Nationalsozialisten beraubt und misshandelt. Arpad Latzer und seine Mutter Bertha wurden \u00fcber die jugoslawische Grenze getrieben und hielten sich einige Zeit in Zagreb auf. Am 21.1.1939 schrieb Berta Latzer einen Brief an die Mutter ihres ehemaligen Kaufmannslehrlings Rudi Resetaritsch &#8211; ein Dokument, das die Verbundenheit der Familie Latzer mit vielen Bewohnern von Deutsch Kaltenbrunn aufzeigt.<\/p>\n<div id=\"attachment_4181\" style=\"width: 310px\" class=\"wp-caption alignleft\"><a href=\"https:\/\/www.brettl.at\/wp-content\/uploads\/2024\/03\/Paul-Latzer-Gemischtwarenhandlung.jpg\"><img decoding=\"async\" aria-describedby=\"caption-attachment-4181\" class=\"size-medium wp-image-4181\" src=\"https:\/\/www.brettl.at\/wp-content\/uploads\/2024\/03\/Paul-Latzer-Gemischtwarenhandlung-300x191.jpg\" alt=\"\" width=\"300\" height=\"191\" srcset=\"https:\/\/www.brettl.at\/wp-content\/uploads\/2024\/03\/Paul-Latzer-Gemischtwarenhandlung-200x128.jpg 200w, https:\/\/www.brettl.at\/wp-content\/uploads\/2024\/03\/Paul-Latzer-Gemischtwarenhandlung-300x191.jpg 300w, https:\/\/www.brettl.at\/wp-content\/uploads\/2024\/03\/Paul-Latzer-Gemischtwarenhandlung-400x255.jpg 400w, https:\/\/www.brettl.at\/wp-content\/uploads\/2024\/03\/Paul-Latzer-Gemischtwarenhandlung-460x295.jpg 460w, https:\/\/www.brettl.at\/wp-content\/uploads\/2024\/03\/Paul-Latzer-Gemischtwarenhandlung-600x383.jpg 600w, https:\/\/www.brettl.at\/wp-content\/uploads\/2024\/03\/Paul-Latzer-Gemischtwarenhandlung.jpg 640w\" sizes=\"(max-width: 300px) 100vw, 300px\" \/><\/a><p id=\"caption-attachment-4181\" class=\"wp-caption-text\">Das Foto von der Gemischtwarenhandlung Paul Latzer (Arpads Vater) zeigt den Angestellten Rudi Resetarisch bei der \u00dcbernahme der Post. \u00a9 Engelbert Kremshofer<\/p><\/div>\n<p>\u201eLiebe Frau Resetaritsch!<br \/>\nSie werden gewiss erstaunt sein, von mir einen Brief zu bekommen, jedoch war es mir aus verschiedenen Gr\u00fcnden leider nicht m\u00f6glich, Ihnen fr\u00fcher zu schreiben. Mein lieber Sohn ist seit langer Zeit in England, wo es ihm sehr gut geht. Er hat dort einen guten Posten und er schreibt mir sehr oft. Nun bitte ich Sie, liebe Frau Kathi, mir zu schreiben, was Sie und der liebe Rudi machen, ich denke Tag und Nacht auf den l. Rudi. Ist er noch im Gesch\u00e4ft? Was wissen Sie von Kaltenbrunn Neues? Bitte schreiben Sie mir alles genau. Bitte schreiben Sie mir alles genau, da mich das alles sehr interessiert. Was ist mit Lisi? Ist sie auch noch dort? Was machen alle bekannten Kaltenbrunner, Familie Tajmel, Jany und alle anderen Bekannten? Sind Bekannte aus Kaltenbrunn von uns schon im Krieg gefallen aus Kaltenbrunn? Bitte mir alles genau zu schreiben, damit ich weiss, was zu Hause los ist. Hier glaubt man, dass der Krieg sehr bald zu Ende sein wird u. das es ein baldiges Wiedersehn gibt. Ist die Rena zu Hause? Die wird sicher schon ein grosses Fr\u00e4ulein sein. Mir geht es hier gut, denn da sp\u00fcrt man nichts von Krieg. Haben Sie noch genug Lebensmittel? Hier bekommt man alles in H\u00fclle und F\u00fclle. Es w\u00fcrde mich sehr freuen, wenn es Ihnen m\u00f6glich w\u00e4re, dass Sie mich besuchen kommen m\u00f6chten. Es ist ja nicht so weit. Beiligendes Kouwert f\u00fcr die Antwort zu verwenden, es ist meine Adresse. Ich gr\u00fc\u00dfe Sie und alle, alle Bekannten auf das herzlichste, besonders meinen lieben Rudi und verbleibe, ihre baldige Antwort erwartend,<br \/>\nIhre Berta Latzer.<br \/>\nMeine Adresse: Julio Hirschler, f\u00fcr Latzer, Zagreb, vlaska ul. 75 b, III, Jugoslavien.\u201c<\/p>\n<p>Ob Arpad Latzer wirklich in London war, ist sehr fraglich. 1947 wurde von Angeh\u00f6rigen berichtet, dass Arpad im Jahr 1942 im Arbeitslager Brcko in Jugoslawien gewesen sein soll und seither jede Spur von ihm fehle. Im Brcko kam es w\u00e4hrend des Krieges zu Massenhinrichtungen von j\u00fcdischen Gefangenen durch die kroatischen Ustascha-Faschisten.\u00a0(Herzlichen Dank an Engelbert Kremshofer, Ottendorf, f\u00fcr die \u00dcberlassung des Briefes aus seiner Sammlung)<\/p>\n<\/div><\/div><\/div><\/div><\/div>\n","protected":false},"excerpt":{"rendered":"<p>Die Familie von Arpad Latzer betrieb in Deutsch Kaltenbrunn eine Gemischtwarenhandlung. <\/p>\n","protected":false},"author":3,"featured_media":4181,"comment_status":"open","ping_status":"open","sticky":false,"template":"","format":"standard","meta":{"footnotes":""},"categories":[286,29,48],"tags":[274],"class_list":["post-4179","post","type-post","status-publish","format-standard","has-post-thumbnail","hentry","category-286","category-judentum","category-nationalsozialismus","tag-deutsch-kaltenbrunn"],"_links":{"self":[{"href":"https:\/\/www.brettl.at\/blog\/wp-json\/wp\/v2\/posts\/4179","targetHints":{"allow":["GET"]}}],"collection":[{"href":"https:\/\/www.brettl.at\/blog\/wp-json\/wp\/v2\/posts"}],"about":[{"href":"https:\/\/www.brettl.at\/blog\/wp-json\/wp\/v2\/types\/post"}],"author":[{"embeddable":true,"href":"https:\/\/www.brettl.at\/blog\/wp-json\/wp\/v2\/users\/3"}],"replies":[{"embeddable":true,"href":"https:\/\/www.brettl.at\/blog\/wp-json\/wp\/v2\/comments?post=4179"}],"version-history":[{"count":2,"href":"https:\/\/www.brettl.at\/blog\/wp-json\/wp\/v2\/posts\/4179\/revisions"}],"predecessor-version":[{"id":4183,"href":"https:\/\/www.brettl.at\/blog\/wp-json\/wp\/v2\/posts\/4179\/revisions\/4183"}],"wp:featuredmedia":[{"embeddable":true,"href":"https:\/\/www.brettl.at\/blog\/wp-json\/wp\/v2\/media\/4181"}],"wp:attachment":[{"href":"https:\/\/www.brettl.at\/blog\/wp-json\/wp\/v2\/media?parent=4179"}],"wp:term":[{"taxonomy":"category","embeddable":true,"href":"https:\/\/www.brettl.at\/blog\/wp-json\/wp\/v2\/categories?post=4179"},{"taxonomy":"post_tag","embeddable":true,"href":"https:\/\/www.brettl.at\/blog\/wp-json\/wp\/v2\/tags?post=4179"}],"curies":[{"name":"wp","href":"https:\/\/api.w.org\/{rel}","templated":true}]}}