{"id":4279,"date":"2024-08-05T10:37:54","date_gmt":"2024-08-05T08:37:54","guid":{"rendered":"https:\/\/www.brettl.at\/blog\/?p=4279"},"modified":"2024-09-02T18:26:42","modified_gmt":"2024-09-02T16:26:42","slug":"kampf-um-kinokarten","status":"publish","type":"post","link":"https:\/\/www.brettl.at\/blog\/kampf-um-kinokarten\/","title":{"rendered":"\u201eKampf\u201c um Kinokarten"},"content":{"rendered":"<div class=\"fusion-fullwidth fullwidth-box fusion-builder-row-1 fusion-flex-container nonhundred-percent-fullwidth non-hundred-percent-height-scrolling\" style=\"--awb-border-radius-top-left:0px;--awb-border-radius-top-right:0px;--awb-border-radius-bottom-right:0px;--awb-border-radius-bottom-left:0px;--awb-flex-wrap:wrap;\" ><div class=\"fusion-builder-row fusion-row fusion-flex-align-items-flex-start fusion-flex-content-wrap\" style=\"max-width:1100.32px;margin-left: calc(-4% \/ 2 );margin-right: calc(-4% \/ 2 );\"><div class=\"fusion-layout-column fusion_builder_column fusion-builder-column-0 fusion_builder_column_1_1 1_1 fusion-flex-column\" style=\"--awb-bg-size:cover;--awb-width-large:100%;--awb-margin-top-large:0px;--awb-spacing-right-large:1.92%;--awb-margin-bottom-large:0px;--awb-spacing-left-large:1.92%;--awb-width-medium:100%;--awb-spacing-right-medium:1.92%;--awb-spacing-left-medium:1.92%;--awb-width-small:100%;--awb-spacing-right-small:1.92%;--awb-spacing-left-small:1.92%;\"><div class=\"fusion-column-wrapper fusion-flex-justify-content-flex-start fusion-content-layout-column\"><div class=\"fusion-text fusion-text-1\"><p>Im Dezember 1947 beschloss der Gemeinderat von Halbturn, dass die Besitzerin des \u00f6rtlichen Kinos, auf Grund des gro\u00dfen Interesses nach Eintrittskarten, keine Jahreskarten mehr ausgeben d\u00fcrfe. Diese Regelung brachte nicht den gew\u00fcnschten Erfolg, da der Ansturm der Besucher \u00fcberm\u00e4\u00dfig gro\u00df war, wie die Niederschrift der Gemeinderatssitzung vom 28. Dezember 1947 zeigt:<br \/>\n<a href=\"https:\/\/www.brettl.at\/wp-content\/uploads\/2024\/08\/img968.jpg\"><img decoding=\"async\" class=\"alignleft size-medium wp-image-4280\" src=\"https:\/\/www.brettl.at\/wp-content\/uploads\/2024\/08\/img968-300x203.jpg\" alt=\"\" width=\"300\" height=\"203\" srcset=\"https:\/\/www.brettl.at\/wp-content\/uploads\/2024\/08\/img968-66x45.jpg 66w, https:\/\/www.brettl.at\/wp-content\/uploads\/2024\/08\/img968-177x120.jpg 177w, https:\/\/www.brettl.at\/wp-content\/uploads\/2024\/08\/img968-200x135.jpg 200w, https:\/\/www.brettl.at\/wp-content\/uploads\/2024\/08\/img968-300x203.jpg 300w, https:\/\/www.brettl.at\/wp-content\/uploads\/2024\/08\/img968-320x216.jpg 320w, https:\/\/www.brettl.at\/wp-content\/uploads\/2024\/08\/img968-400x270.jpg 400w, https:\/\/www.brettl.at\/wp-content\/uploads\/2024\/08\/img968-460x311.jpg 460w, https:\/\/www.brettl.at\/wp-content\/uploads\/2024\/08\/img968-540x365.jpg 540w, https:\/\/www.brettl.at\/wp-content\/uploads\/2024\/08\/img968-600x405.jpg 600w, https:\/\/www.brettl.at\/wp-content\/uploads\/2024\/08\/img968-669x452.jpg 669w, https:\/\/www.brettl.at\/wp-content\/uploads\/2024\/08\/img968-700x473.jpg 700w, https:\/\/www.brettl.at\/wp-content\/uploads\/2024\/08\/img968-768x519.jpg 768w, https:\/\/www.brettl.at\/wp-content\/uploads\/2024\/08\/img968-800x541.jpg 800w, https:\/\/www.brettl.at\/wp-content\/uploads\/2024\/08\/img968-940x635.jpg 940w, https:\/\/www.brettl.at\/wp-content\/uploads\/2024\/08\/img968-1024x692.jpg 1024w, https:\/\/www.brettl.at\/wp-content\/uploads\/2024\/08\/img968-1200x811.jpg 1200w, https:\/\/www.brettl.at\/wp-content\/uploads\/2024\/08\/img968-1536x1038.jpg 1536w, https:\/\/www.brettl.at\/wp-content\/uploads\/2024\/08\/img968.jpg 1622w\" sizes=\"(max-width: 300px) 100vw, 300px\" \/><\/a>\u201eDer Vorsitzende begr\u00fc\u00dft die Anwesenden, bestimmt zu Beglaubigern der Niederschrift die Herren F\u00fcrst Anton und Schneider Paul und gibt den Punkt der Tagesordnung bekannt. Er f\u00fchrt an, da\u00df durch die Neuregelung des Kartenverkaufes lt. Beschlu\u00df des Gemeindeausschusses vom 18.12.1947 an der Verkaufsstelle der Kinokarten eine derartige Rauferei entstanden sei, da\u00df sogar die Fensterscheiben von dem Schalter eingedruckt wurden w\u00e4ren. Es w\u00e4re unbedingt eine Neuregelung des Kinokartenverkaufes notwendig. Der prov. Gemeindeausschu\u00df fa\u00dft nach l\u00e4ngerer Debatte den einstimmigen Beschlu\u00df:\u00a0Die Kinokarten sind wie bisher neu zu verkaufen, soda\u00df auch die, die bisher keine Karten hatten, auch welche bekommen. Au\u00dferdem sind die 10. und 11. Reihe freizuhalten f\u00fcr die Heimkehrer, die nach dem 28. Dezember 1947 nach Hause kommen. Frau Preiner (die Kinobesitzerin Anmerkung des Verfassers) hat sich unbedingt an diesen Beschlu\u00df zu halten.\u201c<br \/>\n(Gemeindearchiv Halbturn. Gemeinderatsberichte. Niederschrift vom 28. Dezember 1947)<\/p>\n<\/div><\/div><\/div><\/div><\/div>\n","protected":false},"excerpt":{"rendered":"<p>Im Dezember 1947 beschloss der Gemeinderat von Halbturn, dass die Besitzerin des \u00f6rtlichen Kinos keine Jahreskarten mehr ausgeben d\u00fcrfe. <\/p>\n","protected":false},"author":3,"featured_media":4280,"comment_status":"open","ping_status":"open","sticky":false,"template":"","format":"standard","meta":{"footnotes":""},"categories":[286,41],"tags":[43],"class_list":["post-4279","post","type-post","status-publish","format-standard","has-post-thumbnail","hentry","category-286","category-soziales","tag-halbturn"],"_links":{"self":[{"href":"https:\/\/www.brettl.at\/blog\/wp-json\/wp\/v2\/posts\/4279","targetHints":{"allow":["GET"]}}],"collection":[{"href":"https:\/\/www.brettl.at\/blog\/wp-json\/wp\/v2\/posts"}],"about":[{"href":"https:\/\/www.brettl.at\/blog\/wp-json\/wp\/v2\/types\/post"}],"author":[{"embeddable":true,"href":"https:\/\/www.brettl.at\/blog\/wp-json\/wp\/v2\/users\/3"}],"replies":[{"embeddable":true,"href":"https:\/\/www.brettl.at\/blog\/wp-json\/wp\/v2\/comments?post=4279"}],"version-history":[{"count":3,"href":"https:\/\/www.brettl.at\/blog\/wp-json\/wp\/v2\/posts\/4279\/revisions"}],"predecessor-version":[{"id":4798,"href":"https:\/\/www.brettl.at\/blog\/wp-json\/wp\/v2\/posts\/4279\/revisions\/4798"}],"wp:featuredmedia":[{"embeddable":true,"href":"https:\/\/www.brettl.at\/blog\/wp-json\/wp\/v2\/media\/4280"}],"wp:attachment":[{"href":"https:\/\/www.brettl.at\/blog\/wp-json\/wp\/v2\/media?parent=4279"}],"wp:term":[{"taxonomy":"category","embeddable":true,"href":"https:\/\/www.brettl.at\/blog\/wp-json\/wp\/v2\/categories?post=4279"},{"taxonomy":"post_tag","embeddable":true,"href":"https:\/\/www.brettl.at\/blog\/wp-json\/wp\/v2\/tags?post=4279"}],"curies":[{"name":"wp","href":"https:\/\/api.w.org\/{rel}","templated":true}]}}