{"id":4879,"date":"2024-10-24T21:21:04","date_gmt":"2024-10-24T19:21:04","guid":{"rendered":"https:\/\/www.brettl.at\/blog\/?p=4879"},"modified":"2024-10-24T21:21:04","modified_gmt":"2024-10-24T19:21:04","slug":"ein-nationalsozialist-als-amtmann","status":"publish","type":"post","link":"https:\/\/www.brettl.at\/blog\/ein-nationalsozialist-als-amtmann\/","title":{"rendered":"Ein Nationalsozialist als Amtmann?"},"content":{"rendered":"<p>Mit der Macht\u00fcbernahme der Nationalsozialisten wurden auch die Gemeinde\u00e4mter nach ihrem Willen umgestaltet. Mitarbeiter, die als Gegner bekannt waren, wurden entlassen, Sympathisanten neu eingestellt. So mancher Gemeindeangestellte versuchte auch mit einer Mitgliedschaft in der NSDAP seinen Posten zu erlangen. Im M\u00e4rz 1946 ver\u00f6ffentlichte die kommunistische Wochenzeitung \u201eFreies Burgenland\u201c einen Brief des Andauer Amtsleiters aus dem Jahr 1938. Bewarb er sich aus \u00dcberzeugung um die Mitgliedschaft oder tat er dies aus Opportunismus?<br \/>\n<a href=\"https:\/\/www.brettl.at\/wp-content\/uploads\/2024\/10\/DSC_0740.jpg\"><img decoding=\"async\" class=\"alignleft size-medium wp-image-4880\" src=\"https:\/\/www.brettl.at\/wp-content\/uploads\/2024\/10\/DSC_0740-300x182.jpg\" alt=\"\" width=\"300\" height=\"182\" srcset=\"https:\/\/www.brettl.at\/wp-content\/uploads\/2024\/10\/DSC_0740-200x121.jpg 200w, https:\/\/www.brettl.at\/wp-content\/uploads\/2024\/10\/DSC_0740-300x182.jpg 300w, https:\/\/www.brettl.at\/wp-content\/uploads\/2024\/10\/DSC_0740-400x242.jpg 400w, https:\/\/www.brettl.at\/wp-content\/uploads\/2024\/10\/DSC_0740-600x363.jpg 600w, https:\/\/www.brettl.at\/wp-content\/uploads\/2024\/10\/DSC_0740-768x465.jpg 768w, https:\/\/www.brettl.at\/wp-content\/uploads\/2024\/10\/DSC_0740-800x484.jpg 800w, https:\/\/www.brettl.at\/wp-content\/uploads\/2024\/10\/DSC_0740-1024x620.jpg 1024w, https:\/\/www.brettl.at\/wp-content\/uploads\/2024\/10\/DSC_0740-1200x726.jpg 1200w, https:\/\/www.brettl.at\/wp-content\/uploads\/2024\/10\/DSC_0740.jpg 1400w\" sizes=\"(max-width: 300px) 100vw, 300px\" \/><\/a>\u201eAn Herrn Ortsgruppenleiter der NSDAP Andau.<br \/>\nAndau, am 14. Juni 1938<br \/>\nGefertigter ersucht um die Aufnahme in die NSDAP auf Grund folgender Grundlagen: Habe die Ev. Theol. Akademie in Pre\u00dfburg besucht, wo ich wegen meiner deutschnationalen Bet\u00e4tigung im Jahre 1909 (9. VI.) relegiert wurde. War im Jahre 1919 Obmanstellvertreter der deutschen Freiheitspartei Westungarns, und nachdem ich von den Kommunisten im Juli 1919 wegen meiner Gegenrevolution\u00e4ren Bet\u00e4tigung verhaftet, eingekerkert war und nach Wien geflohen bin, nachher von den Banditen, weil ich als Obmann der Deutschen Freiheitspartei nicht nur f\u00fcr den Anschlu\u00df Westungarns an \u00d6sterreich, sondern an das Deutsche Reich verlangte, sechs Wochen in Raab eingekerkert. Nach meiner neu erfolgten Flucht nach Wien war ich bis August 1923 da ich jede Gnadengabe \u00d6sterreichs verweigerte, G\u00e4rtnergehilfe in Wien und Perchtolsdorf und kam am 6. September 1923 nach Andau, wo ich seither als Gemeindebeamter t\u00e4tig bin. Da ich bereits zweimal wegen meiner Bet\u00e4tigung als Deutscher mein Brot verloren habe und dabei f\u00fcr meine Familie zu sorgen hatte, habe ich mich politisch nicht mehr bet\u00e4tigt, ja sogar, um wegen meiner Gesinnung nicht bel\u00e4stigt zu werden, mu\u00dfte ich mich oft anders zeigen, als ich f\u00fchlte. Nach der Macht\u00fcbernahme habe ich dann wenigstens k\u00f6nnen und habe bewiesen, da\u00df die seit Jahrzehnten auf meiner Seele lastende Schmach, Kummer und Not mich nicht gebrochen haben, sondern mit Einsatz meiner ganzen Willenskraft mich im Dienste der Sache stellen konnte, f\u00fcr die ich Jahrzehnte hindurch litt. Ich ersuche um eine Aufnahme in die Partei. Um eine g\u00fcnstige Erledigung bittend zeichnet mit einem treuherzigen, aber nicht jetzt erst gefundene deutschen Gef\u00fchle, sondern mit dem Gef\u00fchle und Bekenntnisse eines seit Jahrzehnten f\u00fcr die deutsche Gesinnung k\u00e4mpfender alter K\u00e4mpfer \u2013 ausgesprochenen deutschem Gru\u00dfe Heil Hitler! Julius H.\u201c<br \/>\n(Freies Burgenland vom 22. M\u00e4rz 1946, S. 2)<\/p>\n<p>&nbsp;<\/p>\n","protected":false},"excerpt":{"rendered":"<p>Mit der Macht\u00fcbernahme der Nationalsozialisten wurden auch die Gemeinde\u00e4mter nach ihrem Willen umgestaltet. <\/p>\n","protected":false},"author":3,"featured_media":4880,"comment_status":"open","ping_status":"open","sticky":false,"template":"","format":"standard","meta":{"footnotes":""},"categories":[286,69,48],"tags":[99],"class_list":["post-4879","post","type-post","status-publish","format-standard","has-post-thumbnail","hentry","category-286","category-besatzungszeit","category-nationalsozialismus","tag-andau"],"_links":{"self":[{"href":"https:\/\/www.brettl.at\/blog\/wp-json\/wp\/v2\/posts\/4879","targetHints":{"allow":["GET"]}}],"collection":[{"href":"https:\/\/www.brettl.at\/blog\/wp-json\/wp\/v2\/posts"}],"about":[{"href":"https:\/\/www.brettl.at\/blog\/wp-json\/wp\/v2\/types\/post"}],"author":[{"embeddable":true,"href":"https:\/\/www.brettl.at\/blog\/wp-json\/wp\/v2\/users\/3"}],"replies":[{"embeddable":true,"href":"https:\/\/www.brettl.at\/blog\/wp-json\/wp\/v2\/comments?post=4879"}],"version-history":[{"count":1,"href":"https:\/\/www.brettl.at\/blog\/wp-json\/wp\/v2\/posts\/4879\/revisions"}],"predecessor-version":[{"id":4881,"href":"https:\/\/www.brettl.at\/blog\/wp-json\/wp\/v2\/posts\/4879\/revisions\/4881"}],"wp:featuredmedia":[{"embeddable":true,"href":"https:\/\/www.brettl.at\/blog\/wp-json\/wp\/v2\/media\/4880"}],"wp:attachment":[{"href":"https:\/\/www.brettl.at\/blog\/wp-json\/wp\/v2\/media?parent=4879"}],"wp:term":[{"taxonomy":"category","embeddable":true,"href":"https:\/\/www.brettl.at\/blog\/wp-json\/wp\/v2\/categories?post=4879"},{"taxonomy":"post_tag","embeddable":true,"href":"https:\/\/www.brettl.at\/blog\/wp-json\/wp\/v2\/tags?post=4879"}],"curies":[{"name":"wp","href":"https:\/\/api.w.org\/{rel}","templated":true}]}}