{"id":4883,"date":"2024-11-10T07:06:18","date_gmt":"2024-11-10T06:06:18","guid":{"rendered":"https:\/\/www.brettl.at\/blog\/?p=4883"},"modified":"2024-11-10T07:06:18","modified_gmt":"2024-11-10T06:06:18","slug":"erklaerung-des-landlebens","status":"publish","type":"post","link":"https:\/\/www.brettl.at\/blog\/erklaerung-des-landlebens\/","title":{"rendered":"Erkl\u00e4rung des Landlebens"},"content":{"rendered":"<p>So manchen St\u00e4dter zieht es zur Verbesserung seiner Lebensqualit\u00e4t auf das Land. Das Landleben hat jedoch seine eigenen Gesetze, deren sich nicht alle Zugezogenen bewusst sind. Zur besseren Aufkl\u00e4rung f\u00fchlte sich auch ein Gendarmeriebeamter des Postens Halbturn bem\u00fc\u00dfigt. So kann man in der Postenchronik \u00fcber einen \u201eEinsatz\u201c in Andau am 6. Februar 1998 lesen: <a href=\"https:\/\/www.brettl.at\/wp-content\/uploads\/2024\/11\/Huehner.jpg\"><img decoding=\"async\" class=\"alignleft size-medium wp-image-4884\" src=\"https:\/\/www.brettl.at\/wp-content\/uploads\/2024\/11\/Huehner-300x175.jpg\" alt=\"\" width=\"300\" height=\"175\" srcset=\"https:\/\/www.brettl.at\/wp-content\/uploads\/2024\/11\/Huehner-200x117.jpg 200w, https:\/\/www.brettl.at\/wp-content\/uploads\/2024\/11\/Huehner-300x175.jpg 300w, https:\/\/www.brettl.at\/wp-content\/uploads\/2024\/11\/Huehner-400x234.jpg 400w, https:\/\/www.brettl.at\/wp-content\/uploads\/2024\/11\/Huehner-600x350.jpg 600w, https:\/\/www.brettl.at\/wp-content\/uploads\/2024\/11\/Huehner-768x448.jpg 768w, https:\/\/www.brettl.at\/wp-content\/uploads\/2024\/11\/Huehner.jpg 774w\" sizes=\"(max-width: 300px) 100vw, 300px\" \/><\/a>\u201eL\u00e4rmende H\u00fchner in Andau? Der aus Wien stammende XY f\u00fchlte sich durch das Gegacker und den Gestank der H\u00fchner seiner Nachbarn gest\u00f6rt und erstattet die Anzeige. Ihm wurde das Landleben erkl\u00e4rt.\u201c (Postenchronik Halbturn vom 6. Februar 1998)<\/p>\n","protected":false},"excerpt":{"rendered":"<p>So manchen St\u00e4dter zieht es zur Verbesserung seiner Lebensqualit\u00e4t auf das Land. <\/p>\n","protected":false},"author":3,"featured_media":4884,"comment_status":"open","ping_status":"open","sticky":false,"template":"","format":"standard","meta":{"footnotes":""},"categories":[286,17],"tags":[99],"class_list":["post-4883","post","type-post","status-publish","format-standard","has-post-thumbnail","hentry","category-286","category-landwirtschaft","tag-andau"],"_links":{"self":[{"href":"https:\/\/www.brettl.at\/blog\/wp-json\/wp\/v2\/posts\/4883","targetHints":{"allow":["GET"]}}],"collection":[{"href":"https:\/\/www.brettl.at\/blog\/wp-json\/wp\/v2\/posts"}],"about":[{"href":"https:\/\/www.brettl.at\/blog\/wp-json\/wp\/v2\/types\/post"}],"author":[{"embeddable":true,"href":"https:\/\/www.brettl.at\/blog\/wp-json\/wp\/v2\/users\/3"}],"replies":[{"embeddable":true,"href":"https:\/\/www.brettl.at\/blog\/wp-json\/wp\/v2\/comments?post=4883"}],"version-history":[{"count":2,"href":"https:\/\/www.brettl.at\/blog\/wp-json\/wp\/v2\/posts\/4883\/revisions"}],"predecessor-version":[{"id":4886,"href":"https:\/\/www.brettl.at\/blog\/wp-json\/wp\/v2\/posts\/4883\/revisions\/4886"}],"wp:featuredmedia":[{"embeddable":true,"href":"https:\/\/www.brettl.at\/blog\/wp-json\/wp\/v2\/media\/4884"}],"wp:attachment":[{"href":"https:\/\/www.brettl.at\/blog\/wp-json\/wp\/v2\/media?parent=4883"}],"wp:term":[{"taxonomy":"category","embeddable":true,"href":"https:\/\/www.brettl.at\/blog\/wp-json\/wp\/v2\/categories?post=4883"},{"taxonomy":"post_tag","embeddable":true,"href":"https:\/\/www.brettl.at\/blog\/wp-json\/wp\/v2\/tags?post=4883"}],"curies":[{"name":"wp","href":"https:\/\/api.w.org\/{rel}","templated":true}]}}