{"id":4887,"date":"2024-11-17T07:12:47","date_gmt":"2024-11-17T06:12:47","guid":{"rendered":"https:\/\/www.brettl.at\/blog\/?p=4887"},"modified":"2024-11-17T07:12:47","modified_gmt":"2024-11-17T06:12:47","slug":"bitte-um-unterstuetzung","status":"publish","type":"post","link":"https:\/\/www.brettl.at\/blog\/bitte-um-unterstuetzung\/","title":{"rendered":"Bitte um Unterst\u00fctzung"},"content":{"rendered":"<p>Bereits seit vier Jahren tobte der Erste Weltkrieg. Die wirtschaftliche Not breitete sich immer weiter aus. Besonders Frauen befanden sich zunehmend in wirtschaftlicher Bedr\u00e4ngnis. Verzweifelt wandte sich deshalb eine Frau aus Frauenkirchen an das Ministerium:<br \/>\n<em><a href=\"https:\/\/www.brettl.at\/wp-content\/uploads\/2024\/11\/Unterstuetzungsansuchen.jpg\"><img decoding=\"async\" class=\"alignleft size-medium wp-image-4888\" src=\"https:\/\/www.brettl.at\/wp-content\/uploads\/2024\/11\/Unterstuetzungsansuchen-300x191.jpg\" alt=\"\" width=\"300\" height=\"191\" srcset=\"https:\/\/www.brettl.at\/wp-content\/uploads\/2024\/11\/Unterstuetzungsansuchen-200x127.jpg 200w, https:\/\/www.brettl.at\/wp-content\/uploads\/2024\/11\/Unterstuetzungsansuchen-300x191.jpg 300w, https:\/\/www.brettl.at\/wp-content\/uploads\/2024\/11\/Unterstuetzungsansuchen-400x254.jpg 400w, https:\/\/www.brettl.at\/wp-content\/uploads\/2024\/11\/Unterstuetzungsansuchen-460x295.jpg 460w, https:\/\/www.brettl.at\/wp-content\/uploads\/2024\/11\/Unterstuetzungsansuchen-600x381.jpg 600w, https:\/\/www.brettl.at\/wp-content\/uploads\/2024\/11\/Unterstuetzungsansuchen-768x488.jpg 768w, https:\/\/www.brettl.at\/wp-content\/uploads\/2024\/11\/Unterstuetzungsansuchen-800x508.jpg 800w, https:\/\/www.brettl.at\/wp-content\/uploads\/2024\/11\/Unterstuetzungsansuchen-1024x650.jpg 1024w, https:\/\/www.brettl.at\/wp-content\/uploads\/2024\/11\/Unterstuetzungsansuchen-1200x762.jpg 1200w, https:\/\/www.brettl.at\/wp-content\/uploads\/2024\/11\/Unterstuetzungsansuchen.jpg 1420w\" sizes=\"(max-width: 300px) 100vw, 300px\" \/><\/a>\u201eAn das hohe k\u00f6nigl. ung. Ministerium des Inneren in Budapest<br \/>\n<\/em><em>Boldogasszony, am 1. Juli 1918.<br \/>\n<\/em><em>Die ergebenst Gefertigte bittet auf nachstehendes gest\u00fctzt ein hohes Ministerium um Auskunft \u00fcber ihre zu beziehenden Unterst\u00fctzungsgeb\u00fchren.\u00a0<\/em><em>Im Jahre 1915 waren ihre beiden S\u00f6hne im Feld und sie bezog als Witwe eine Unterst\u00fctzung von 24 K. monatlich, welche im Jahr 1916 nach einer f\u00fcnfmonatlichen vollkommenen Einstellung auf 10 Kr. 10 reduziert wurde, nachdem angeblich nur \u00fcber 50 Jahre alte Frauen mit den h\u00f6heren Geb\u00fchren zu beteilen sind.<br \/>\n<\/em><em>Trotzdem nun die ergebenst Gefertigte schon \u00fcber 50 Jahre alt ist, einen Sohn noch im Felde und den zweiten als teilweise erwerbsunf\u00e4hig mit einer Invalidenpension von Kr. 22 zu Hause hat, weiters infolge einer 11 Monate w\u00e4hrenden schweren Krankheit f\u00fcrs Alter zur\u00fcckgelegten Sparpfenning verzehrt hat, ist auf ihr mehrmaliges Vorsprechen auf eine Erh\u00f6hung ihrer Bez\u00fcge beim Gemeindenot\u00e4r als auch beim Stuhlrichteramt in Nezsider nicht das mindeste geschehen war zur Linderung ihrer Not beigetragen h\u00e4tte.<br \/>\n<\/em><em>Nachdem nun schon vor Monaten eine gesetzliche Erh\u00f6hung der Unterst\u00fctzungen erfolgte, mit welcher die ergebenst Gefertigte bis heute nicht beteilt wurde, wiederholt sie ihre eingangs erw\u00e4hnte Bitte mit dem Beif\u00fcgen da\u00df ihr ein Einblick in ihr Bezugsbuch trotz \u00f6fterer energischer Forderung immer verwehrt wurde, soda\u00df sie \u00fcber ihre Geb\u00fchren vollkommen unorientiert ist.\u00a0<\/em><em>Elisabeth X.\u201c<br \/>\n<\/em>(GMA Frauenkirchen, Korrespondenz 1918. Zl. 1758\/1918)<\/p>\n","protected":false},"excerpt":{"rendered":"<p>Bereits seit vier Jahren tobte der Erste Weltkrieg. Die wirtschaftliche Not breitete sich immer weiter aus. <\/p>\n","protected":false},"author":3,"featured_media":4888,"comment_status":"open","ping_status":"open","sticky":false,"template":"","format":"standard","meta":{"footnotes":""},"categories":[286,21],"tags":[25],"class_list":["post-4887","post","type-post","status-publish","format-standard","has-post-thumbnail","hentry","category-286","category-i-weltkrieg","tag-frauenkirchen"],"_links":{"self":[{"href":"https:\/\/www.brettl.at\/blog\/wp-json\/wp\/v2\/posts\/4887","targetHints":{"allow":["GET"]}}],"collection":[{"href":"https:\/\/www.brettl.at\/blog\/wp-json\/wp\/v2\/posts"}],"about":[{"href":"https:\/\/www.brettl.at\/blog\/wp-json\/wp\/v2\/types\/post"}],"author":[{"embeddable":true,"href":"https:\/\/www.brettl.at\/blog\/wp-json\/wp\/v2\/users\/3"}],"replies":[{"embeddable":true,"href":"https:\/\/www.brettl.at\/blog\/wp-json\/wp\/v2\/comments?post=4887"}],"version-history":[{"count":1,"href":"https:\/\/www.brettl.at\/blog\/wp-json\/wp\/v2\/posts\/4887\/revisions"}],"predecessor-version":[{"id":4889,"href":"https:\/\/www.brettl.at\/blog\/wp-json\/wp\/v2\/posts\/4887\/revisions\/4889"}],"wp:featuredmedia":[{"embeddable":true,"href":"https:\/\/www.brettl.at\/blog\/wp-json\/wp\/v2\/media\/4888"}],"wp:attachment":[{"href":"https:\/\/www.brettl.at\/blog\/wp-json\/wp\/v2\/media?parent=4887"}],"wp:term":[{"taxonomy":"category","embeddable":true,"href":"https:\/\/www.brettl.at\/blog\/wp-json\/wp\/v2\/categories?post=4887"},{"taxonomy":"post_tag","embeddable":true,"href":"https:\/\/www.brettl.at\/blog\/wp-json\/wp\/v2\/tags?post=4887"}],"curies":[{"name":"wp","href":"https:\/\/api.w.org\/{rel}","templated":true}]}}