{"id":4903,"date":"2024-12-08T07:23:03","date_gmt":"2024-12-08T06:23:03","guid":{"rendered":"https:\/\/www.brettl.at\/blog\/?p=4903"},"modified":"2024-12-08T07:23:03","modified_gmt":"2024-12-08T06:23:03","slug":"maerz-revolution-1848-nervositaet-in-eisenstadt","status":"publish","type":"post","link":"https:\/\/www.brettl.at\/blog\/maerz-revolution-1848-nervositaet-in-eisenstadt\/","title":{"rendered":"M\u00e4rz-Revolution 1848 &#8211; Nervosit\u00e4t in Eisenstadt"},"content":{"rendered":"<p>Am 13. M\u00e4rz 1848 brachen in Wien, wie schon zuvor in anderen St\u00e4dten Europas, Unruhen aus. B\u00fcrger und Studenten forderten das Ende des Systems Metternichs und liberale Freiheiten. Der Schie\u00dfbefehl der kaiserlichen Soldaten auf eine aufgebrachte Menschenmenge, die sich vor dem Landhaus versammelt hatte, gilt als Beginn der 1848er-Revolution.\u00a0Auch in Eisenstadt wurden noch am selben Abend Vorkehrungen gegen m\u00f6gliche Demonstrationen oder gegen einen m\u00f6glichen Aufruhr getroffen. In einer Kundmachung vom 13. M\u00e4rz 1848 hei\u00dft es:<br \/>\n<a href=\"https:\/\/www.brettl.at\/wp-content\/uploads\/2024\/12\/KUndmachung.jpg\"><img decoding=\"async\" class=\"alignleft size-medium wp-image-4904\" src=\"https:\/\/www.brettl.at\/wp-content\/uploads\/2024\/12\/KUndmachung-300x116.jpg\" alt=\"\" width=\"300\" height=\"116\" srcset=\"https:\/\/www.brettl.at\/wp-content\/uploads\/2024\/12\/KUndmachung-200x77.jpg 200w, https:\/\/www.brettl.at\/wp-content\/uploads\/2024\/12\/KUndmachung-300x116.jpg 300w, https:\/\/www.brettl.at\/wp-content\/uploads\/2024\/12\/KUndmachung-400x155.jpg 400w, https:\/\/www.brettl.at\/wp-content\/uploads\/2024\/12\/KUndmachung-600x232.jpg 600w, https:\/\/www.brettl.at\/wp-content\/uploads\/2024\/12\/KUndmachung-768x298.jpg 768w, https:\/\/www.brettl.at\/wp-content\/uploads\/2024\/12\/KUndmachung-800x310.jpg 800w, https:\/\/www.brettl.at\/wp-content\/uploads\/2024\/12\/KUndmachung.jpg 862w\" sizes=\"(max-width: 300px) 100vw, 300px\" \/><\/a>\u201eAuf Befehl Sr. Hochgeboren des Herrn k.k. General-Majoren und Milit\u00e4r-Distrikts-Commandanten Baron Johann v. Burits wird hiermit zur \u00f6ffentlichen Kenntni\u00df gebracht, da\u00df sie s\u00e4mmtlichen im Mitteldieser Stadt oder auch au\u00dferhalb den Ringmauern befindlichen Gasth\u00f6fe oder Schildwirthsh\u00e4user, Kaffeeh\u00e4user, Traiteurien, Bier- und Brandwein-, dann privat Schankh\u00e4user, \u00fcberhaupt alle solche Lokalien, wo G\u00e4ste einkehren, oder Speisen und Getr\u00e4nke verabfolgt werden, unter widrigenfalls zu befahren habender \u2013 in der anderen aber den Anzeiger zukommenden Geldstrafe von 100 fl. sage: einhundert Gulden in Conventions M\u00fcnze um so gewisser punkt 11 Uhr nachts gesperrt werden m\u00fcssen, als jedweder zum zweitenmahle mit l\u00e4ngerem Offenhalten seines Lokals betretende Eigenth\u00fcmer oder P\u00e4chter seines betreffenden Aus\u00fcbungs-rechtes f\u00fcr immer verlustig erkl\u00e4rt werden w\u00fcrde.<br \/>\nEisenstadt am 13. M\u00e4rz 1849.<br \/>\nIm Auftrage des hiesig l\u00f6bl. k.k. Milit\u00e4r-Platz-Commando. Georg M\u00fcller, Stadthauptmann.<br \/>\n(<a href=\"https:\/\/www.facebook.com\/photo?fbid=5480576821958803&amp;set=gm.6913398698731089\">https:\/\/www.facebook.com\/photo?fbid=5480576821958803&amp;set=gm.6913398698731089<\/a> &#8211; ver\u00f6ffentlicht von Thomas Riedl)<\/p>\n","protected":false},"excerpt":{"rendered":"<p>Am 13. M\u00e4rz 1848 brachen in Wien, wie schon zuvor in anderen St\u00e4dten Europas, Unruhen aus. <\/p>\n","protected":false},"author":3,"featured_media":4904,"comment_status":"open","ping_status":"open","sticky":false,"template":"","format":"standard","meta":{"footnotes":""},"categories":[286,38],"tags":[54],"class_list":["post-4903","post","type-post","status-publish","format-standard","has-post-thumbnail","hentry","category-286","category-westungarn","tag-eisenstadt"],"_links":{"self":[{"href":"https:\/\/www.brettl.at\/blog\/wp-json\/wp\/v2\/posts\/4903","targetHints":{"allow":["GET"]}}],"collection":[{"href":"https:\/\/www.brettl.at\/blog\/wp-json\/wp\/v2\/posts"}],"about":[{"href":"https:\/\/www.brettl.at\/blog\/wp-json\/wp\/v2\/types\/post"}],"author":[{"embeddable":true,"href":"https:\/\/www.brettl.at\/blog\/wp-json\/wp\/v2\/users\/3"}],"replies":[{"embeddable":true,"href":"https:\/\/www.brettl.at\/blog\/wp-json\/wp\/v2\/comments?post=4903"}],"version-history":[{"count":2,"href":"https:\/\/www.brettl.at\/blog\/wp-json\/wp\/v2\/posts\/4903\/revisions"}],"predecessor-version":[{"id":4906,"href":"https:\/\/www.brettl.at\/blog\/wp-json\/wp\/v2\/posts\/4903\/revisions\/4906"}],"wp:featuredmedia":[{"embeddable":true,"href":"https:\/\/www.brettl.at\/blog\/wp-json\/wp\/v2\/media\/4904"}],"wp:attachment":[{"href":"https:\/\/www.brettl.at\/blog\/wp-json\/wp\/v2\/media?parent=4903"}],"wp:term":[{"taxonomy":"category","embeddable":true,"href":"https:\/\/www.brettl.at\/blog\/wp-json\/wp\/v2\/categories?post=4903"},{"taxonomy":"post_tag","embeddable":true,"href":"https:\/\/www.brettl.at\/blog\/wp-json\/wp\/v2\/tags?post=4903"}],"curies":[{"name":"wp","href":"https:\/\/api.w.org\/{rel}","templated":true}]}}