{"id":4908,"date":"2024-12-15T07:26:16","date_gmt":"2024-12-15T06:26:16","guid":{"rendered":"https:\/\/www.brettl.at\/blog\/?p=4908"},"modified":"2024-12-15T07:26:16","modified_gmt":"2024-12-15T06:26:16","slug":"das-ende-der-nebenbahnen","status":"publish","type":"post","link":"https:\/\/www.brettl.at\/blog\/das-ende-der-nebenbahnen\/","title":{"rendered":"Das Ende der Nebenbahnen"},"content":{"rendered":"<p>Bei einer Pressekonferenz im Feber 1988 pr\u00e4sentierte der Verkehrsminister die Bahnnebenstrecken, die aus Kostengr\u00fcnden eingespart werden sollten. Unter den Streckenstilllegungen befand sich auch die Strecke Oberwart-Rechnitz, die vielfach f\u00fcr den G\u00fcterverkehr gen\u00fctzt wurde. Diskussionen und Kritik konnten an der Entscheidung nichts \u00e4ndern. So hie\u00df es unter anderem in einem Bericht des Chefredakteurs einer Eisenbahnzeitschrift im April 1987:<br \/>\n<a href=\"https:\/\/www.brettl.at\/wp-content\/uploads\/2024\/12\/BF-Nebenebahn.jpg\"><img decoding=\"async\" class=\"alignleft size-medium wp-image-4909\" src=\"https:\/\/www.brettl.at\/wp-content\/uploads\/2024\/12\/BF-Nebenebahn-300x186.jpg\" alt=\"\" width=\"300\" height=\"186\" srcset=\"https:\/\/www.brettl.at\/wp-content\/uploads\/2024\/12\/BF-Nebenebahn-200x124.jpg 200w, https:\/\/www.brettl.at\/wp-content\/uploads\/2024\/12\/BF-Nebenebahn-300x186.jpg 300w, https:\/\/www.brettl.at\/wp-content\/uploads\/2024\/12\/BF-Nebenebahn-400x248.jpg 400w, https:\/\/www.brettl.at\/wp-content\/uploads\/2024\/12\/BF-Nebenebahn-600x371.jpg 600w, https:\/\/www.brettl.at\/wp-content\/uploads\/2024\/12\/BF-Nebenebahn.jpg 640w\" sizes=\"(max-width: 300px) 100vw, 300px\" \/><\/a>\u201eAbsolut unverst\u00e4ndlich ist die Einstellung des G\u00fcterverkehrs auf der rund 25 km langen Strecke Oberwart \u2013 Rechnitz. So betrug das Aufkommen der Verkehrsstellen von Rotenturm an der Pinka bis Rechnitz im Jahre 1985 37.463 t. Dazu kommen noch weitere rund 14.000 t. von der Anschlu\u00dfbahn des Raiffeisenverbandes Burgenland, die 2,5 km au\u00dferhalb des Bahnhofes Oberwart von der gegenst\u00e4ndlichen Strecke abzweigt. Dar\u00fcber hinaus soll im Sommer dieses Jahres ein Getreidesilo im Bahnhof Rechnitz fertiggestellt werden, der weitere 5.000 t. Fracht f\u00fcr die Bahn erwarten l\u00e4\u00dft. Da au\u00dferdem eine weitere Anschlu\u00dfbahn zwischen Oberwart und Rotenturm an der Pinka gebaut wird, auf der pro Jahr etwa 10.000 t umgeschlagen werden sollen, ist f\u00fcr die gesamte Strecke ein Frachtaufkommen von etwa 65.000 t zu erwarten. Falls die Strecke wie vorgesehen eingestellt wird, k\u00f6nnte nur das Aufkommen der Anschlu\u00dfbahn des Raiffeisenverbandes Burgenland sowie das der geplanten neuen Anschlu\u00dfbahn erhalten bleiben. Die restlichen 41.000 t m\u00fc\u00dften per Lastauto abbef\u00f6rdert werden. [\u2026]<br \/>\nDie geforderten Einsparungen w\u00e4ren insbesondere durch Personalreduzierungsma\u00dfnahmen (in der Nebenkostenrechnung f\u00fcr das Jahr 1985 ist noch ein Personalbedarf von 25 K\u00f6pfen angegeben, tats\u00e4chlich sind jedoch nur 15 Mann erforderlich, und da ist schon alles eingerechnet, was an Personal f\u00fcr Streckenerhaltung, Schneer\u00e4umung, Zugbef\u00f6rderungs- Zugbegleitdienst sowie f\u00fcr den Verschub und die Verwaltung ben\u00f6tigt wird) zu erreichen. [\u2026]\u201c<br \/>\n(Schienenverkehr aktuell. 4\/87 S. 4)<\/p>\n","protected":false},"excerpt":{"rendered":"<p>Bei einer Pressekonferenz im Feber 1988 pr\u00e4sentierte der Verkehrsminister die Bahnnebenstrecken, die aus Kostengr\u00fcnden eingespart werden sollten. <\/p>\n","protected":false},"author":3,"featured_media":4909,"comment_status":"open","ping_status":"open","sticky":false,"template":"","format":"standard","meta":{"footnotes":""},"categories":[286,61],"tags":[59,73,175],"class_list":["post-4908","post","type-post","status-publish","format-standard","has-post-thumbnail","hentry","category-286","category-wirtschaft","tag-oberwart","tag-rechnitz","tag-rotenturm"],"_links":{"self":[{"href":"https:\/\/www.brettl.at\/blog\/wp-json\/wp\/v2\/posts\/4908","targetHints":{"allow":["GET"]}}],"collection":[{"href":"https:\/\/www.brettl.at\/blog\/wp-json\/wp\/v2\/posts"}],"about":[{"href":"https:\/\/www.brettl.at\/blog\/wp-json\/wp\/v2\/types\/post"}],"author":[{"embeddable":true,"href":"https:\/\/www.brettl.at\/blog\/wp-json\/wp\/v2\/users\/3"}],"replies":[{"embeddable":true,"href":"https:\/\/www.brettl.at\/blog\/wp-json\/wp\/v2\/comments?post=4908"}],"version-history":[{"count":2,"href":"https:\/\/www.brettl.at\/blog\/wp-json\/wp\/v2\/posts\/4908\/revisions"}],"predecessor-version":[{"id":4911,"href":"https:\/\/www.brettl.at\/blog\/wp-json\/wp\/v2\/posts\/4908\/revisions\/4911"}],"wp:featuredmedia":[{"embeddable":true,"href":"https:\/\/www.brettl.at\/blog\/wp-json\/wp\/v2\/media\/4909"}],"wp:attachment":[{"href":"https:\/\/www.brettl.at\/blog\/wp-json\/wp\/v2\/media?parent=4908"}],"wp:term":[{"taxonomy":"category","embeddable":true,"href":"https:\/\/www.brettl.at\/blog\/wp-json\/wp\/v2\/categories?post=4908"},{"taxonomy":"post_tag","embeddable":true,"href":"https:\/\/www.brettl.at\/blog\/wp-json\/wp\/v2\/tags?post=4908"}],"curies":[{"name":"wp","href":"https:\/\/api.w.org\/{rel}","templated":true}]}}