{"id":4917,"date":"2024-12-29T08:58:53","date_gmt":"2024-12-29T07:58:53","guid":{"rendered":"https:\/\/www.brettl.at\/blog\/?p=4917"},"modified":"2024-12-29T08:58:53","modified_gmt":"2024-12-29T07:58:53","slug":"glocken-als-uhrenersatz","status":"publish","type":"post","link":"https:\/\/www.brettl.at\/blog\/glocken-als-uhrenersatz\/","title":{"rendered":"Glocken als Uhrenersatz"},"content":{"rendered":"<p>Wie bereits im Ersten Weltkrieg mussten auch im Zweiten Weltkrieg die Kirchenglocken abgenommen werden. \u00dcber 100.000 Kirchenglocken wurden im Deutschen Reich eingeschmolzen, um aus ihrem Metall Kriegsger\u00e4t herzustellen. Nach Kriegsende trachteten die Gemeinden alsbald wieder danach, Glocken anzukaufen, wobei dies vielfach auch als Symbol des Wiederaufbaus verstanden wurde. Auf Grund der noch bestehenden Wirtschaftseinschr\u00e4nkungen bedurfte es jedoch vor dem Ankauf einer beh\u00f6rdlichen Genehmigung.<br \/>\nAuch die Gemeinde Halbturn sah sich bereits 1948 wirtschaftlich wieder in der Lage, neue Glocken anzukaufen. In der Begr\u00fcndung an das Amt der Burgenl\u00e4ndischen Landesregierung betreffend Freigabe der Gemeindeneubaur\u00fccklage merkte die Gemeinde Halbturn an:<br \/>\n<a href=\"https:\/\/www.brettl.at\/wp-content\/uploads\/2024\/12\/10.jpg\"><img decoding=\"async\" class=\"alignleft size-medium wp-image-4918\" src=\"https:\/\/www.brettl.at\/wp-content\/uploads\/2024\/12\/10-300x158.jpg\" alt=\"\" width=\"300\" height=\"158\" srcset=\"https:\/\/www.brettl.at\/wp-content\/uploads\/2024\/12\/10-200x106.jpg 200w, https:\/\/www.brettl.at\/wp-content\/uploads\/2024\/12\/10-300x158.jpg 300w, https:\/\/www.brettl.at\/wp-content\/uploads\/2024\/12\/10-400x211.jpg 400w, https:\/\/www.brettl.at\/wp-content\/uploads\/2024\/12\/10-600x317.jpg 600w, https:\/\/www.brettl.at\/wp-content\/uploads\/2024\/12\/10-768x405.jpg 768w, https:\/\/www.brettl.at\/wp-content\/uploads\/2024\/12\/10-800x422.jpg 800w, https:\/\/www.brettl.at\/wp-content\/uploads\/2024\/12\/10-1024x540.jpg 1024w, https:\/\/www.brettl.at\/wp-content\/uploads\/2024\/12\/10-1200x633.jpg 1200w, https:\/\/www.brettl.at\/wp-content\/uploads\/2024\/12\/10.jpg 1313w\" sizes=\"(max-width: 300px) 100vw, 300px\" \/><\/a>\u201e<em>Die Gemeinde besitzt derzeit nur ein kleines Gl\u00f6cklein, das f\u00fcr die Erfordernisse der Gemeinde nicht ausreicht. So kann beispielsweise nicht festgestellt werden, ob es elf oder zw\u00f6lf Uhr gel\u00e4utet wird, wodurch die Bauern und Arbeiter auf dem Felde, die keine Uhr bei sich tragen und sich nur nach dem Gel\u00e4ute richten, nicht wissen, wieviel Uhr es ist. Dadurch kommt es vor, die einen zu fr\u00fch und die anderen zu sp\u00e4t nach Hause kommen. Und nicht nur die Leute auf dem Felde, sondern auch die Meisten zu Hause richten sich nach dem L\u00e4uten. Genau so ist beim L\u00e4uten zum Gottesdienst und zu anderen Anl\u00e4ssen, wie Feuergefahr usw.\u201c<br \/>\n<\/em>(Gemeindearchiv Halbturn, Korrespondenz. 1948. Zl. 276\/1948)<\/p>\n","protected":false},"excerpt":{"rendered":"<p>Wie bereits im Ersten Weltkrieg mussten auch im Zweiten Weltkrieg die Kirchenglocken abgenommen werden. <\/p>\n","protected":false},"author":3,"featured_media":4918,"comment_status":"open","ping_status":"open","sticky":false,"template":"","format":"standard","meta":{"footnotes":""},"categories":[286,69,41],"tags":[43],"class_list":["post-4917","post","type-post","status-publish","format-standard","has-post-thumbnail","hentry","category-286","category-besatzungszeit","category-soziales","tag-halbturn"],"_links":{"self":[{"href":"https:\/\/www.brettl.at\/blog\/wp-json\/wp\/v2\/posts\/4917","targetHints":{"allow":["GET"]}}],"collection":[{"href":"https:\/\/www.brettl.at\/blog\/wp-json\/wp\/v2\/posts"}],"about":[{"href":"https:\/\/www.brettl.at\/blog\/wp-json\/wp\/v2\/types\/post"}],"author":[{"embeddable":true,"href":"https:\/\/www.brettl.at\/blog\/wp-json\/wp\/v2\/users\/3"}],"replies":[{"embeddable":true,"href":"https:\/\/www.brettl.at\/blog\/wp-json\/wp\/v2\/comments?post=4917"}],"version-history":[{"count":2,"href":"https:\/\/www.brettl.at\/blog\/wp-json\/wp\/v2\/posts\/4917\/revisions"}],"predecessor-version":[{"id":4920,"href":"https:\/\/www.brettl.at\/blog\/wp-json\/wp\/v2\/posts\/4917\/revisions\/4920"}],"wp:featuredmedia":[{"embeddable":true,"href":"https:\/\/www.brettl.at\/blog\/wp-json\/wp\/v2\/media\/4918"}],"wp:attachment":[{"href":"https:\/\/www.brettl.at\/blog\/wp-json\/wp\/v2\/media?parent=4917"}],"wp:term":[{"taxonomy":"category","embeddable":true,"href":"https:\/\/www.brettl.at\/blog\/wp-json\/wp\/v2\/categories?post=4917"},{"taxonomy":"post_tag","embeddable":true,"href":"https:\/\/www.brettl.at\/blog\/wp-json\/wp\/v2\/tags?post=4917"}],"curies":[{"name":"wp","href":"https:\/\/api.w.org\/{rel}","templated":true}]}}